{"id":554595,"date":"2024-02-05T16:00:00","date_gmt":"2024-02-05T19:00:00","guid":{"rendered":"https:\/\/investnews.com.br\/?p=554595"},"modified":"2025-08-08T16:15:16","modified_gmt":"2025-08-08T19:15:16","slug":"fusao-arezzo-e-soma-o-desafio-de-criar-uma-nova-cultura-empresarial-de-sucesso","status":"publish","type":"post","link":"https:\/\/investnews.com.br\/colunistas\/fusao-arezzo-e-soma-o-desafio-de-criar-uma-nova-cultura-empresarial-de-sucesso\/","title":{"rendered":"Fus\u00e3o Arezzo e Soma: o desafio de criar uma cultura empresarial de sucesso"},"content":{"rendered":"<p>Um fato relevante no varejo nacional \u2013 a <a href=\"https:\/\/investnews.com.br\/negocios\/fusao-arezzo-soma-negocio-nao-gera-sinergia-mas-cria-gigante-da-moda-de-alta-renda\/\" data-type=\"post\" data-id=\"554358\">fus\u00e3o da marca Arezzo e do grupo Soma<\/a>, ambos cases de sucesso em suas respectivas \u00e1reas \u2013 me fez reler o livro <em>&#8220;A Cada Passo<\/em>&#8220;, lan\u00e7ado em novembro de 2023. Na obra, o fundador da Arezzo, Anderson Birman, d\u00e1 um depoimento \u00e0 jornalista Adriane Abdalla sobre a fant\u00e1stica hist\u00f3ria da varejista contada por seu fundador.<\/p><h2 class=\"wp-block-heading\"><strong>Uma leitura oportuna e conveniente\u00a0<\/strong><\/h2><p><strong>A cultura empresarial \u00e9 o sistema imunol\u00f3gico das empresas<\/strong>, como bem pondera o professor Michael Watkins, da Universidade de Harvard. Cria anticorpos \u00e0 mudan\u00e7a, mas a protege contra ant\u00edgenos organizacionais.\u00a0<\/p><p>Como lembra Peter Drucker, o pai da administra\u00e7\u00e3o moderna, \u201c<strong>a cultura come a estrat\u00e9gia no caf\u00e9 da manh\u00e3<\/strong>&#8220;. Em outras palavras, a cultura da empresa \u00e9 mais poderosa que sua estrat\u00e9gia.<\/p><figure class=\"wp-block-image size-full\"><img loading=\"lazy\" decoding=\"async\" width=\"800\" height=\"533\" src=\"https:\/\/media.investnews.com.br\/uploads\/2021\/06\/2021-06-11T192543Z_1_LYNXNPEH5A17F_RTROPTP_3_AREZZO-USA.jpg\" alt=\"Arezzo\" class=\"wp-image-253071\" srcset=\"https:\/\/media.investnews.com.br\/uploads\/2021\/06\/2021-06-11T192543Z_1_LYNXNPEH5A17F_RTROPTP_3_AREZZO-USA.jpg 800w, https:\/\/media.investnews.com.br\/uploads\/2021\/06\/2021-06-11T192543Z_1_LYNXNPEH5A17F_RTROPTP_3_AREZZO-USA-300x200.jpg 300w, https:\/\/media.investnews.com.br\/uploads\/2021\/06\/2021-06-11T192543Z_1_LYNXNPEH5A17F_RTROPTP_3_AREZZO-USA-768x512.jpg 768w, https:\/\/media.investnews.com.br\/uploads\/2021\/06\/2021-06-11T192543Z_1_LYNXNPEH5A17F_RTROPTP_3_AREZZO-USA-172x115.jpg 172w, https:\/\/media.investnews.com.br\/uploads\/2021\/06\/2021-06-11T192543Z_1_LYNXNPEH5A17F_RTROPTP_3_AREZZO-USA-150x100.jpg 150w\" sizes=\"auto, (max-width: 800px) 100vw, 800px\" \/><figcaption class=\"wp-element-caption\">Cal\u00e7ados em loja de marca da Arezzo em Nova York, EUA \n19\/03\/2016\nREUTERS\/Brendan McDermid<\/figcaption><\/figure><p>Assim, vamos come\u00e7ar a conhecer e entender a cultura e as estrat\u00e9gias da Arezzo contadas neste livro pelo seu fundador.\u00a0<\/p><h2 class=\"wp-block-heading\"><strong>A<\/strong>rezzo, uma empresa constru\u00edda sobre um of\u00edcio\u00a0<\/h2><p>Tudo come\u00e7ou com uma ideia de montar uma f\u00e1brica de sapatos. Um neg\u00f3cio constru\u00eddo sobre um of\u00edcio de sapateiro.\u00a0<\/p><p>&#8220;Domine um of\u00edcio&#8221;, foi o inspirador conselho do seu pai. \u201c<strong>Todo judeu deveria ter um of\u00edcio, sapateiro, livreiro, joalheiro ou outra profiss\u00e3o terminada em \u201ceiro<\/strong>\u201d.<\/p><p>Anderson Birman diz: &#8220;Escolhi um of\u00edcio e constru\u00ed o neg\u00f3cio no of\u00edcio que escolhi: sapateiro. N\u00e3o nasci como sapateiro, mas me tornei um com disciplina e dedica\u00e7\u00e3o&#8221;.<\/p><p>Com esta mesma l\u00f3gica encaminhou seu filho Alexandre, seu sucessor, que hoje dirige os neg\u00f3cios da empresa, ao of\u00edcio de sapateiro. Ele tamb\u00e9m responde, com orgulho, que \u00e9 um sapateiro.<\/p><p>Vale lembrar que a Gucci tamb\u00e9m iniciou suas atividades como uma empresa italiana de cal\u00e7ados. Guccio Gucci, o fundador, era filho de um sapateiro e aprendeu o of\u00edcio com o pai.\u00a0<\/p><p>E Anderson confessa no livro, que passou seu bast\u00e3o para Alexandre Birman e n\u00e3o se arrepende, pois, segundo ele, &#8220;a Arezzo &#038; Co est\u00e1 indo muito bem&#8221; sob a reg\u00eancia do filho sapateiro.\u00a0<\/p><h2 class=\"wp-block-heading\"><strong>Como nasceu a Arezzo<\/strong><\/h2><p>Assim, abriu-se um neg\u00f3cio com a perspectiva de conquistar o of\u00edcio de sapateiro.\u00a0<\/p><p>Birman diz que come\u00e7ou com sapatos masculinos, sem ainda entender a complexidade do of\u00edcio e apaixonou-se por esse mercado. &#8220;Fracassamos neste primeiro intento, foi a\u00ed que decidimos, em 1972 , <strong>abrir o novo caminho do\u00a0sapateiro, o dos sapatos femininos.\u00a0 <\/strong>Aprendemos a trabalhar com a arte de produzir sapatos femininos. J\u00e1<strong> dura meio s\u00e9culo&#8221;.\u00a0<\/strong><\/p><figure class=\"wp-block-image size-full\"><img loading=\"lazy\" decoding=\"async\" width=\"710\" height=\"395\" src=\"https:\/\/media.investnews.com.br\/uploads\/2024\/02\/divulgacao-arezzo.jpg\" alt=\"Loja Arezzo em shopping, com vitrine e interior exibindo cal\u00e7ados e bolsas.\" class=\"wp-image-554362\" srcset=\"https:\/\/media.investnews.com.br\/uploads\/2024\/02\/divulgacao-arezzo.jpg 710w, https:\/\/media.investnews.com.br\/uploads\/2024\/02\/divulgacao-arezzo-300x167.jpg 300w, https:\/\/media.investnews.com.br\/uploads\/2024\/02\/divulgacao-arezzo-172x96.jpg 172w, https:\/\/media.investnews.com.br\/uploads\/2024\/02\/divulgacao-arezzo-150x83.jpg 150w\" sizes=\"auto, (max-width: 710px) 100vw, 710px\" \/><figcaption class=\"wp-element-caption\">Cr\u00e9dito: Divulga\u00e7\u00e3o<\/figcaption><\/figure><p>E complementa: \u201cAcredito que nunca se deve focar num produto movido a pre\u00e7o de liquida\u00e7\u00e3o\u201d, afirma Anderson, em seu livro.\u00a0E continua: \u201cDecidimos focar nos sapatos para mulheres com look , conforto e seguran\u00e7a.\u00a0Este trip\u00e9 \u00e9 a ess\u00eancia dos sapatos da nossa marca! E n\u00f3s nos tornamos a maior sapataria do Brasil\u201d .<\/p><h2 class=\"wp-block-heading\"><strong>U<\/strong>ma empresa feita para durar no m\u00ednimo 150 anos\u00a0<\/h2><p>Durante uma palestra de Ram Charam, um dos consultores mais requisitados do mundo, Anderson Birman lembra uma frase dita pelo Charam, que o acompanha at\u00e9 hoje: \u201cPouqu\u00edssimas empresas do mundo existem h\u00e1 mais de 150 anos. Isto ficou na minha cabe\u00e7a. Est\u00e1vamos em 2004, e, contando a partir da\u00ed,\u00a0passei a desejar profundamente que a Arezzo atingisse essa marca centen\u00e1ria\u201d.\u00a0<\/p><p>Foi assim que nasceu a ideia de Arezzo. Uma cultura de longo prazo que torna a\u00a0marca conhecida, tendo como um dos pilares a longevidade empresarial.<\/p><h2 class=\"wp-block-heading\">Conselho aos novos CEO<\/h2><p>Por isso, afirma Birman no seu livro,\u00a0\u00e9 importante que os futuros <strong>CEOs preservem a cultura de longo prazo dentro da companhia <\/strong>e<strong> <\/strong>se dediquem a inovar o modelo de neg\u00f3cios para que sempre acompanhem as mudan\u00e7as do mundo. Em s\u00edntese,\u00a0construir, modernizar e vislumbrar planos de longu\u00edssimo prazo.\u00a0<\/p><p>Assim n\u00e3o esquecer: \u201ctodos precisam cuidar dela como donos\u201d. O importante \u00e9 manter sua ess\u00eancia viva \u201cTodos devem trabalhar para n\u00e3o quebrar a empresa. Este lema conduzo e deixo como legado\u201d.\u00a0<\/p><h2 class=\"wp-block-heading\"><strong>Li\u00e7\u00f5es da aquisi\u00e7\u00e3o da marca Reserva\u00a0<\/strong><\/h2><p>&#8220;Foi uma decis\u00e3o que tomei ouvindo minha intui\u00e7\u00e3o&#8221;, relata Birman. E mais, acrescenta ele: \u201cOs nossos neg\u00f3cios-Arezzo\u00a0 e Reserva &#8211; combinam. Faz sentido. Nenhuma das marcas briga por pre\u00e7o baixo, mas valoriza\u00e7\u00e3o do pre\u00e7o justo e qualidade\u201d.<\/p><p>Esta aquisi\u00e7\u00e3o foi um marco e o sentimento de uni\u00e3o \u00e9 o que prevalece at\u00e9 o momento. <\/p><p>Aqui destaco o forte elo relacional de afinidade e admira\u00e7\u00e3o por <a href=\"https:\/\/investnews.com.br\/negocios\/rony-meisler-da-reserva-expansao-internacional-deve-ser-prioridade-para-2023\/\">Rony Meisler<\/a>, que se mostrou decisivo para que a aquisi\u00e7\u00e3o desse certo. Afinidade <strong>relacional \u00e9 maior que transacional, pois neg\u00f3cios s\u00e3o pessoas.<\/strong><\/p><p>Essa parte do livro me faz lembrar Simon Sinek, escritor, palestrante e especialista em lideran\u00e7a: \u201cNeg\u00f3cios s\u00e3o pessoas e quem n\u00e3o entende de pessoas n\u00e3o entende de neg\u00f3cios. 100% dos clientes s\u00e3o pessoas. 100% dos funcion\u00e1rios s\u00e3o pessoas. Se voc\u00ea n\u00e3o entende de pessoas, voc\u00ea n\u00e3o entende de neg\u00f3cios&#8221;.<\/p><p>Aqui, Birman torna pr\u00e1tica esta ideia\u00a0ao afirmar que a compra da marca Reserva foi uma aquisi\u00e7\u00e3o e, outra, foi Rony Meisler. &#8220;Os nossos neg\u00f3cios combinavam em tud&#8221;.<\/p><p>Conclui Birman em um dos trechos que n\u00e3o \u00e9 \u00e0 toa que as marcas cresceram e as fam\u00edlias se aproximaram, criando um importante la\u00e7o de amizade.<\/p><p>Confesso aqui que tamb\u00e9m incorporei ao meu vocabul\u00e1rio profissional a express\u00e3o cunhada por Birman sobre o Rony, \u201cum ensinador\u201d.\u00a0<\/p><h2 class=\"wp-block-heading\"><strong>Codex de ideias por tr\u00e1s da mente do fundador<\/strong><\/h2><p>Aqui trago um Codex com anota\u00e7\u00f5es manuscritas de ideias estrat\u00e9gicas, sob meu ponto de vista, da leitura do livro de Anderson Birman:<\/p><p>#1: <strong>A valiosa &#8220;continha&#8221;.<\/strong> Calcule os custos da mat\u00e9ria-prima de todas as partes dos seus produtos finais\u00a0na ponta do l\u00e1pis.<\/p><p># 2: <strong>Trabalhe com o objetivo de n\u00e3o quebrar.<\/strong> Uma companhia que possa ser vendida com liquidez a qualquer momento.\u00a0<\/p><p># 3 : <strong>Contabilidade Simples.<\/strong> Contas a receber e estoques .\u00a0<\/p><p># 4 : <strong>Agir como no jogo de tabuleiro de War.<\/strong> Conquistando um territ\u00f3rio de cada vez. Foco e foco.\u00a0<\/p><p># 5: A companhia vai deixar de ser apenas um belo show room para se <strong>tornar um neg\u00f3cio de log\u00edstica.<\/strong><\/p><p># 6: Qualquer pessoa que queira empreender vai precisar, antes de tudo, <strong>saber vender o seu neg\u00f3cio.<\/strong> Ser bom vendedor \u00e9 uma caracter\u00edstica fundamental para se tornar empres\u00e1rio.<\/p><p># 7 : Em sele\u00e7\u00e3o de pessoas, pe\u00e7a para listar<strong> tr\u00eas revistas, tr\u00eas marcas e tr\u00eas estilistas<\/strong> que gosta, para avaliar o quanto a pessoa est\u00e1 ligada.<\/p><p># 8 : <strong>O que realmente importa \u00e9 o produto<\/strong>. O que faz as pessoas continuarem comprando \u00e9 a excel\u00eancia do produto. Busque sempre fazer um produto excelente.\u00a0<\/p><p># 9 : Seja um apaixonado por sapatos. <strong>Compre e use sapatos<\/strong>. \u00a0<\/p><p># 10 : <strong>Desenvolva um neg\u00f3cio com base em um of\u00edcio que voc\u00ea domina<\/strong>. Um sapateiro que tem um neg\u00f3cio de sapatos. A pr\u00e1tica do of\u00edcio \u00e9 tudo para dar sentido \u00e0 teoria.<\/p><h2 class=\"wp-block-heading\"><strong>Princ\u00edpios inegoci\u00e1veis da cultura da Arezzo<\/strong><\/h2><p>S\u00e3o os\u00a0princ\u00edpios, os termos de conduta, afirma Birman. O<strong> <\/strong>seu sistema imunol\u00f3gico:<\/p><ul class=\"wp-block-list\">\n<li>Transpar\u00eancia\u00a0<\/li>\n\n\n\n<li>Alinhamento\u00a0<\/li>\n\n\n\n<li>Autenticidade\u00a0<\/li>\n\n\n\n<li>Paix\u00e3o\u00a0<\/li>\n\n\n\n<li>Meritocracia\u00a0<\/li>\n\n\n\n<li>Humildade\u00a0<\/li>\n\n\n\n<li>Desafio<\/li>\n\n\n\n<li>Flexibilidade\u00a0<\/li>\n\n\n\n<li>Uni\u00e3o\u00a0<\/li>\n\n\n\n<li>Envolvimento\u00a0<\/li>\n<\/ul><p>O grande desafio para o sucesso desta planejada fus\u00e3o da Arezzo com Grupo Soma ser\u00e1 mais que transacional, ser\u00e1 relacional e cultural.\u00a0<\/p><p>Boa leitura e inspira\u00e7\u00e3o.\u00a0<\/p><p><em>*Aloisio Sotero \u00e9 professor de Finan\u00e7as Corporativas e vice-diretor da Faculdade Central do Recife. \u00c9 associado do Instituto Brasileiro de Governan\u00e7a Corporativa,\u00a0 e atua como\u00a0 Conselheiro Estrat\u00e9gico de Neg\u00f3cios em empresas nacionais e internacionais.<\/em><\/p>\n","protected":false},"excerpt":{"rendered":"<p>No livro &#8216;A Casa Passo&#8217;, Anderson Birman conta a hist\u00f3ria da funda\u00e7\u00e3o da empresa que agora se une a outro grande grupo de moda.<\/p>\n","protected":false},"author":41,"featured_media":242613,"comment_status":"closed","ping_status":"open","sticky":false,"template":"","format":"standard","meta":{"_acf_changed":false,"inline_featured_image":false,"footnotes":""},"categories":[2063],"tags":[2299,376],"autor-wsj":[],"coauthors":[2316],"class_list":["post-554595","post","type-post","status-publish","format-standard","has-post-thumbnail","hentry","category-colunistas","tag-arezzo","tag-varejo"],"acf":[],"amp_enabled":true,"_links":{"self":[{"href":"https:\/\/investnews.com.br\/inv-api\/wp\/v2\/posts\/554595","targetHints":{"allow":["GET"]}}],"collection":[{"href":"https:\/\/investnews.com.br\/inv-api\/wp\/v2\/posts"}],"about":[{"href":"https:\/\/investnews.com.br\/inv-api\/wp\/v2\/types\/post"}],"author":[{"embeddable":true,"href":"https:\/\/investnews.com.br\/inv-api\/wp\/v2\/users\/41"}],"replies":[{"embeddable":true,"href":"https:\/\/investnews.com.br\/inv-api\/wp\/v2\/comments?post=554595"}],"version-history":[{"count":39,"href":"https:\/\/investnews.com.br\/inv-api\/wp\/v2\/posts\/554595\/revisions"}],"predecessor-version":[{"id":703025,"href":"https:\/\/investnews.com.br\/inv-api\/wp\/v2\/posts\/554595\/revisions\/703025"}],"wp:featuredmedia":[{"embeddable":true,"href":"https:\/\/investnews.com.br\/inv-api\/wp\/v2\/media\/242613"}],"wp:attachment":[{"href":"https:\/\/investnews.com.br\/inv-api\/wp\/v2\/media?parent=554595"}],"wp:term":[{"taxonomy":"category","embeddable":true,"href":"https:\/\/investnews.com.br\/inv-api\/wp\/v2\/categories?post=554595"},{"taxonomy":"post_tag","embeddable":true,"href":"https:\/\/investnews.com.br\/inv-api\/wp\/v2\/tags?post=554595"},{"taxonomy":"autor-wsj","embeddable":true,"href":"https:\/\/investnews.com.br\/inv-api\/wp\/v2\/autor-wsj?post=554595"},{"taxonomy":"author","embeddable":true,"href":"https:\/\/investnews.com.br\/inv-api\/wp\/v2\/coauthors?post=554595"}],"curies":[{"name":"wp","href":"https:\/\/api.w.org\/{rel}","templated":true}]}}