{"id":556187,"date":"2024-02-13T05:00:00","date_gmt":"2024-02-13T08:00:00","guid":{"rendered":"https:\/\/investnews.com.br\/?p=556187"},"modified":"2025-08-08T16:14:50","modified_gmt":"2025-08-08T19:14:50","slug":"apos-aumento-de-falencias-e-recuperacoes-judiciais-projeto-de-lei-quer-agilizar-tramite","status":"publish","type":"post","link":"https:\/\/investnews.com.br\/economia\/apos-aumento-de-falencias-e-recuperacoes-judiciais-projeto-de-lei-quer-agilizar-tramite\/","title":{"rendered":"Ap\u00f3s aumento de fal\u00eancias e recupera\u00e7\u00f5es judiciais, projeto de lei quer agilizar tr\u00e2mite"},"content":{"rendered":"<p>2023 foi o ano com o 4\u00ba maior \u00edndice de pedidos de recupera\u00e7\u00f5es judiciais da hist\u00f3ria\u00a0do Serasa Experian (iniciado em 2005) e o maior valor desde o come\u00e7o da pandemia. N\u00e3o obstante, pedidos de fal\u00eancia tamb\u00e9m registraram alta no per\u00edodo. E como ambos os processos demoram a ser resolvidos no Brasil, o Minist\u00e9rio da Fazenda enviou ao Congresso Nacional um projeto de lei (PL 03\/2024) para acelerar o desfecho, reduzir custos e dar maior transpar\u00eancia.\u00a0<\/p><p>Segundo o advogado Leonardo Ribeiro Dias, head de Contencioso, Arbitragem e Insolv\u00eancia do Marcos Martins Advogados, um processo falimentar ou de recupera\u00e7\u00e3o pode levar uma d\u00e9cada ou mais. Logo, no texto enviado ao Congresso, n\u00e3o h\u00e1 mudan\u00e7as nos dispositivos alterados pelo Parlamento em 2020, mas no processo em si.<\/p><blockquote class=\"wp-block-quote is-layout-flow wp-block-quote-is-layout-flow\">\n<p>&#8220;A ideia \u00e9 que se reformule em parte o processo de fal\u00eancia para que ele se torne mais r\u00e1pido e como consequ\u00eancia, os ativos v\u00e1lidos do devedor possam ser vendidos de uma maneira mais c\u00e9lere e os credores pagos o quanto antes&#8221;<\/p>\n<cite>Leonardo Ribeiro Dias, head de Contencioso, Arbitragem e Insolv\u00eancia do Marcos Martins Advogados.<\/cite><\/blockquote><p><\/p><p>Outro ponto apontado pelo jurista \u00e9 a altera\u00e7\u00e3o das\u00a0 figuras principais do processo, no caso,\u00a0 o gestor fiduci\u00e1rio, que pode ser uma pessoa ou empresa.&#8221; Essa figura ser\u00e1 nomeada pelos credores reunidos em Assembleia a fim de providenciar a arrecada\u00e7\u00e3o e a aliena\u00e7\u00e3o desses bens&#8221;, disse.\u00a0<\/p><p>Hoje, essa \u00e9 a fun\u00e7\u00e3o do administrador judicial, com a diferen\u00e7a deste ser nomeado diretamente pelo juiz &#8220;e portanto ser de confian\u00e7a do ju\u00edz&#8221;, reitera.<\/p><figure class=\"wp-block-image size-large\"><img loading=\"lazy\" decoding=\"async\" width=\"1024\" height=\"683\" src=\"https:\/\/media.investnews.com.br\/uploads\/2023\/03\/2023-03-06T123112Z_1_LYNXMPEJ250CQ_RTROPTP_4_BRAZIL-BRASILIA-1024x683.jpg\" alt=\"Est\u00e1tua da Justi\u00e7a vendada e sentada em frente ao Supremo Tribunal Federal em Bras\u00edlia.\" class=\"wp-image-444316\" srcset=\"https:\/\/media.investnews.com.br\/uploads\/2023\/03\/2023-03-06T123112Z_1_LYNXMPEJ250CQ_RTROPTP_4_BRAZIL-BRASILIA-1024x683.jpg 1024w, https:\/\/media.investnews.com.br\/uploads\/2023\/03\/2023-03-06T123112Z_1_LYNXMPEJ250CQ_RTROPTP_4_BRAZIL-BRASILIA-300x200.jpg 300w, https:\/\/media.investnews.com.br\/uploads\/2023\/03\/2023-03-06T123112Z_1_LYNXMPEJ250CQ_RTROPTP_4_BRAZIL-BRASILIA-768x512.jpg 768w, https:\/\/media.investnews.com.br\/uploads\/2023\/03\/2023-03-06T123112Z_1_LYNXMPEJ250CQ_RTROPTP_4_BRAZIL-BRASILIA-1536x1024.jpg 1536w, https:\/\/media.investnews.com.br\/uploads\/2023\/03\/2023-03-06T123112Z_1_LYNXMPEJ250CQ_RTROPTP_4_BRAZIL-BRASILIA-1256x837.jpg 1256w, https:\/\/media.investnews.com.br\/uploads\/2023\/03\/2023-03-06T123112Z_1_LYNXMPEJ250CQ_RTROPTP_4_BRAZIL-BRASILIA-172x115.jpg 172w, https:\/\/media.investnews.com.br\/uploads\/2023\/03\/2023-03-06T123112Z_1_LYNXMPEJ250CQ_RTROPTP_4_BRAZIL-BRASILIA-150x100.jpg 150w, https:\/\/media.investnews.com.br\/uploads\/2023\/03\/2023-03-06T123112Z_1_LYNXMPEJ250CQ_RTROPTP_4_BRAZIL-BRASILIA.jpg 2048w\" sizes=\"auto, (max-width: 1024px) 100vw, 1024px\" \/><figcaption class=\"wp-element-caption\">Est\u00e1tua da Justi\u00e7a no pr\u00e9dio do STF em Bras\u00edlia\n21\/04\/2010\nREUTERS\/Ricardo Moraes<\/figcaption><\/figure><p>Com a altera\u00e7\u00e3o, o gestor tender\u00e1 a representar o interesse dos credores mais diretamente do que o administrador judicial, que presa pela idoneidade do procedimento, mas n\u00e3o atua diretamente no interesse dos credores. &#8220;Ele atua no interesse de todos os envolvidos para que n\u00e3o haja fraudes&#8221;, reitera Dias.<\/p><p>O jurista explica que, como \u00e9 hoje, os credores n\u00e3o t\u00eam tanto poder\u00a0de decis\u00e3o, j\u00e1 que n\u00e3o podem opinar sobre quem ser\u00e1 o respons\u00e1vel pela arrecada\u00e7\u00e3o e venda dos bens envolvidos no processo.\u00a0<\/p><p>Outro ponto a ser modificado \u00e9 a remunera\u00e7\u00e3o para o gestor, atualmente\u00a0 vinculado ao valor obtido na venda dos bens, mas limitado at\u00e9 5% do valor do passivo. Caso aprovado, esse limite tende a ser extinto, sendo essa uma quest\u00e3o delicada, segundo o advogado.<\/p><blockquote class=\"wp-block-quote is-layout-flow wp-block-quote-is-layout-flow\">\n<p>Embora o projeto seja bem intencionado, ele tem recebido diversas cr\u00edticas. Em primeiro lugar \u00e9 a coincid\u00eancia de fun\u00e7\u00f5es entre o gestor fiduci\u00e1rio e o administrador judicial ; em segundo, sobre n\u00e3o ter um teto para om pagamento do gestor&#8221;.<\/p>\n<\/blockquote><p>Ainda assim, o head de contencioso aponta que a reforma no sistema falimentar ter\u00e1 um efeito positivo nos processos de <a href=\"https:\/\/investnews.com.br\/guias\/recuperacao-judicial\/\">recupera\u00e7\u00e3o judicial<\/a>, uma vez que muitos planos s\u00e3o aprovados como d\u00e1 pelos credores, dado o receio de n\u00e3o se receber nada.<\/p><p>&#8220;Quando se tem uma fal\u00eancia mais r\u00e1pida e efetiva, os credores tendem a aprovar muitos planos que lhe sejam mais favor\u00e1veis&#8221;, afirma Dias.<\/p><p>De acordo com uma pesquisa interna dos processos de fal\u00eancia administrados pela OnBehalf, 59% das empresas em 2023 n\u00e3o tinham ativos para liquida\u00e7\u00e3o e em 33% dos processos n\u00e3o foram localizados bens.<\/p><h2 class=\"wp-block-heading\">Aumentam pedidos de recupera\u00e7\u00e3o em 2023<\/h2><p>Segundo o Serasa, no ano passado foram feitos 1.405 pedidos de recupera\u00e7\u00e3o judicial, atingindo empresas de pequeno, m\u00e9dio e grande porte. Mas pedidos de fal\u00eancia tamb\u00e9m tiveram alta em 2023: foram 983 pedidos ante 866 em 2022, um aumento de 13,5%. <\/p><p>As micro e pequenas empresas puxaram a alta (546) e o setor que mais demandou pelos pedidos foi o de servi\u00e7os (373).<\/p><figure class=\"wp-block-image size-large\"><img loading=\"lazy\" decoding=\"async\" width=\"1024\" height=\"576\" src=\"https:\/\/media.investnews.com.br\/uploads\/2023\/09\/Amricanas-1024x576.jpg\" alt=\"Loja da Americanas em S\u00e3o Paulo, em setembro de 2023 (Foto: Karina Trevizan\/InvestNews)\" class=\"wp-image-524309\" srcset=\"https:\/\/media.investnews.com.br\/uploads\/2023\/09\/Amricanas-1024x576.jpg 1024w, https:\/\/media.investnews.com.br\/uploads\/2023\/09\/Amricanas-300x169.jpg 300w, https:\/\/media.investnews.com.br\/uploads\/2023\/09\/Amricanas-768x432.jpg 768w, https:\/\/media.investnews.com.br\/uploads\/2023\/09\/Amricanas-172x97.jpg 172w, https:\/\/media.investnews.com.br\/uploads\/2023\/09\/Amricanas-150x84.jpg 150w, https:\/\/media.investnews.com.br\/uploads\/2023\/09\/Amricanas.jpg 1200w\" sizes=\"auto, (max-width: 1024px) 100vw, 1024px\" \/><figcaption class=\"wp-element-caption\">Loja da Americanas em S\u00e3o Paulo, eque pediu recupera\u00e7\u00e3o em 2023 (Foto: Karina Trevizan\/InvestNews)<\/figcaption><\/figure><p>Segundo o economista da institui\u00e7\u00e3o, Luiz Rabi, 2024 tende a desacelerar o cen\u00e1rio de recupera\u00e7\u00e3o, uma vez que queda da infla\u00e7\u00e3o e das taxas de juros suavizam.\u00a0<\/p><p>Em seu relat\u00f3rio sobre insolv\u00eancias do ano passado, a Allianz Trade j\u00e1 tinha projetado que 2023 seria o ano de recupera\u00e7\u00f5es judiciais e fal\u00eancias n\u00e3o apenas no Brasil, como no mundo.\u00a0<\/p><blockquote class=\"wp-block-quote is-layout-flow wp-block-quote-is-layout-flow\">\n<p>&#8220;Menor atividade econ\u00f4mica, juros em patamares elevados, infla\u00e7\u00e3o ainda em n\u00edveis elevados e maior seletividade dos bancos na concess\u00e3o de cr\u00e9dito justificam a tend\u00eancia de piora desses indicadores&#8221;, disseram \u00e0 \u00e9poca. <\/p>\n<\/blockquote><p>Mas somado a isso,\u00a0 queda de receita, dificuldade de acesso ao mercado de cr\u00e9dito atrelado a mudan\u00e7as regulat\u00f3rias que envolvem os bancos, volatilidade do c\u00e2mbio e disrup\u00e7\u00e3o na cadeia de suprimentos tamb\u00e9m pesaram contra.<\/p><p>Neste ano, o Banco Central reduziu a <a href=\"https:\/\/investnews.com.br\/guias\/taxa-selic\/\">taxa Selic<\/a> em sua primeira reuni\u00e3o, enquanto o Federal Reserve manteve a atual taxa de juros nos Estados Unidos, sinalizando que mant\u00e9m cautela antes de come\u00e7ar de maneira efetiva a sua queda. <\/p><p>Por sua vez, a infla\u00e7\u00e3o medida pelo \u00cdndice de Pre\u00e7os ao Consumidor Amplo (<a href=\"https:\/\/investnews.com.br\/guias\/o-que-e-ipca\/\">IPCA<\/a>) no Brasil desacelerou em janeiro quando comparado a dezembro (de 0,56% para 0,42%). J\u00e1 a americana foi revisada para baixo (0,2%) em dezembro.<\/p><p>O presidente da distrital do Federal Reserve (Fed) de Atlanta, Raphael Bostic, disse na sexta-feira (9) que a infla\u00e7\u00e3o americana ficou alta por muito tempo e ainda h\u00e1 um caminho pela frente at\u00e9 voltar \u00e0 meta de 2%, indicando que cortes de juros n\u00e3o devem acontecer t\u00e3o cedo.<\/p>\n","protected":false},"excerpt":{"rendered":"<p>2023 registrou o 4\u00ba maior \u00edndice de pedidos de recupera\u00e7\u00f5es judiciais da hist\u00f3ria\u00a0do Serasa Experian, iniciado em 2005.<\/p>\n","protected":false},"author":37,"featured_media":444316,"comment_status":"closed","ping_status":"open","sticky":false,"template":"","format":"standard","meta":{"_acf_changed":false,"inline_featured_image":false,"footnotes":""},"categories":[5],"tags":[772],"autor-wsj":[],"coauthors":[2270],"class_list":["post-556187","post","type-post","status-publish","format-standard","has-post-thumbnail","hentry","category-economia","tag-recuperacao-judicial"],"acf":[],"amp_enabled":true,"_links":{"self":[{"href":"https:\/\/investnews.com.br\/inv-api\/wp\/v2\/posts\/556187","targetHints":{"allow":["GET"]}}],"collection":[{"href":"https:\/\/investnews.com.br\/inv-api\/wp\/v2\/posts"}],"about":[{"href":"https:\/\/investnews.com.br\/inv-api\/wp\/v2\/types\/post"}],"author":[{"embeddable":true,"href":"https:\/\/investnews.com.br\/inv-api\/wp\/v2\/users\/37"}],"replies":[{"embeddable":true,"href":"https:\/\/investnews.com.br\/inv-api\/wp\/v2\/comments?post=556187"}],"version-history":[{"count":14,"href":"https:\/\/investnews.com.br\/inv-api\/wp\/v2\/posts\/556187\/revisions"}],"predecessor-version":[{"id":703001,"href":"https:\/\/investnews.com.br\/inv-api\/wp\/v2\/posts\/556187\/revisions\/703001"}],"wp:featuredmedia":[{"embeddable":true,"href":"https:\/\/investnews.com.br\/inv-api\/wp\/v2\/media\/444316"}],"wp:attachment":[{"href":"https:\/\/investnews.com.br\/inv-api\/wp\/v2\/media?parent=556187"}],"wp:term":[{"taxonomy":"category","embeddable":true,"href":"https:\/\/investnews.com.br\/inv-api\/wp\/v2\/categories?post=556187"},{"taxonomy":"post_tag","embeddable":true,"href":"https:\/\/investnews.com.br\/inv-api\/wp\/v2\/tags?post=556187"},{"taxonomy":"autor-wsj","embeddable":true,"href":"https:\/\/investnews.com.br\/inv-api\/wp\/v2\/autor-wsj?post=556187"},{"taxonomy":"author","embeddable":true,"href":"https:\/\/investnews.com.br\/inv-api\/wp\/v2\/coauthors?post=556187"}],"curies":[{"name":"wp","href":"https:\/\/api.w.org\/{rel}","templated":true}]}}