{"id":556391,"date":"2024-02-14T10:58:00","date_gmt":"2024-02-14T13:58:00","guid":{"rendered":"https:\/\/investnews.com.br\/?p=556391"},"modified":"2025-11-18T15:55:10","modified_gmt":"2025-11-18T18:55:10","slug":"corte-de-juros-nos-eua-deve-comecar-apenas-em-junho-mercados-reagem","status":"publish","type":"post","link":"https:\/\/investnews.com.br\/financas\/corte-de-juros-nos-eua-deve-comecar-apenas-em-junho-mercados-reagem\/","title":{"rendered":"Corte de juros nos EUA deve come\u00e7ar apenas em junho; mercados reagem"},"content":{"rendered":"\n<p>Com a infla\u00e7\u00e3o americana <a href=\"https:\/\/investnews.com.br\/economia\/precos-ao-consumidor-nos-eua-aumentam-mais-do-que-o-esperado-em-janeiro\/\">aumentando um pouco a mais do que o esperado<\/a> em janeiro, os mercados nos EUA tiveram uma rodada de ajustes das expectativas quanto o in\u00edcio dos corte dos juros pelo Federal Reserve (FED). Segundo economistas e analistas do mercado, isso deve acontecer em junho. Logo, o d\u00f3lar ganhou for\u00e7a.<\/p>\n\n\n\n<p>&#8220;Devemos ver uma rodada de alta do d\u00f3lar por aqui reagindo ao movimento dos juros por l\u00e1, mas acredito que deve ser limitado esta corre\u00e7\u00e3o, afinal, j\u00e1 est\u00e1 praticamente no pre\u00e7o a perspectiva de que os juros v\u00e3o cair apenas no segundo semestre e neste sentido n\u00e3o h\u00e1 muito mais espa\u00e7o para piorar os juros por l\u00e1&#8221;, aponta o economista Andr\u00e9 Perfeito.<\/p>\n\n\n\n<p>Na tarde desta quarta-feira (14), o d\u00f3lar \u00e0 vista avan\u00e7ava 0,14%, cotado a R$ 4,96.<\/p>\n\n\n\n<p>Segundo an\u00e1lise da Avenue, o impacto do resultado do \u00cdndice de Pre\u00e7os ao Consumidor (IPC) foi sentido nas taxas de juros dos t\u00edtulos de d\u00edvida americana, que registraram forte alta em todos os v\u00e9rtices (os rendimentos do Treasury de dez anos, refer\u00eancia global de investimentos, subiram 15 pontos-base, alcan\u00e7ando o pico de 4,32%); os futuros de a\u00e7\u00f5es reagiram negativamente; e o d\u00f3lar, medido pelo \u00edndice <strong>DXY<\/strong>, se valorizou. Logo, esfriaram as apostas de cortes de juros no curto prazo.<\/p>\n\n\n\n<p>&#8220;Refletindo tais n\u00fameros, vimos mais uma vez, um ajuste nas expectativas em rela\u00e7\u00e3o aos poss\u00edveis cortes de juros pelo FED. Agora o mercado prev\u00ea que o primeiro corte se dar\u00e1 somente em junho&#8221;, comenta William Castro, estrategista chefe da Avenue nos EUA.<\/p>\n\n\n\n<p>Na v\u00e9spera, os \u00edndices americanos registraram as maiores baixas em mais de uma semana, com o Dow&nbsp;Jones registrando seu pior dia em 11 meses. <\/p>\n\n\n\n<p>Mas na manh\u00e3 desta quarta-feira (14), o movimento foi o oposto, apontando que a rea\u00e7\u00e3o negativa pode ter sido de curt\u00edssimo prazo.<\/p>\n\n\n\n<p>Na abertura do preg\u00e3o, o Dow Jones subia 0,26%; o S&amp;P, 0,47% e o o Nasdaq Composite ganhava 0,81%.<\/p>\n\n\n\n<figure class=\"wp-block-image size-large\"><img loading=\"lazy\" decoding=\"async\" width=\"1024\" height=\"681\" src=\"https:\/\/media.investnews.com.br\/uploads\/2023\/11\/wall-street-621097_1280-1024x681.jpg\" alt=\"Bolsa dos Estados Unidos; Wall Street (Foto: Brenda Johnson por Pixabay)\" class=\"wp-image-539443\" srcset=\"https:\/\/media.investnews.com.br\/uploads\/2023\/11\/wall-street-621097_1280-1024x681.jpg 1024w, https:\/\/media.investnews.com.br\/uploads\/2023\/11\/wall-street-621097_1280-300x199.jpg 300w, https:\/\/media.investnews.com.br\/uploads\/2023\/11\/wall-street-621097_1280-768x511.jpg 768w, https:\/\/media.investnews.com.br\/uploads\/2023\/11\/wall-street-621097_1280-1256x835.jpg 1256w, https:\/\/media.investnews.com.br\/uploads\/2023\/11\/wall-street-621097_1280-172x114.jpg 172w, https:\/\/media.investnews.com.br\/uploads\/2023\/11\/wall-street-621097_1280-150x100.jpg 150w, https:\/\/media.investnews.com.br\/uploads\/2023\/11\/wall-street-621097_1280.jpg 1280w\" sizes=\"auto, (max-width: 1024px) 100vw, 1024px\" \/><figcaption class=\"wp-element-caption\">Bolsa dos Estados Unidos; Wall Street (Foto: Brenda Johnson por Pixabay)<\/figcaption><\/figure>\n\n\n\n<h2 class=\"wp-block-heading\">Cen\u00e1rio dom\u00e9stico<\/h2>\n\n\n\n<p>No Brasil, a perspectiva de juros com menos cortes nos EUA reiteram o cen\u00e1rio de juros menos baixos no pa\u00eds, de acordo com Andr\u00e9 Perfeito. Por isso, o economista mant\u00e9m a previs\u00e3o de uma <a href=\"https:\/\/investnews.com.br\/guias\/taxa-selic\/\">taxa Selic<\/a> em 9,75% ao final do ciclo de cortes.<\/p>\n\n\n\n<p>O \u00edndice americano (IPC) aumentou 0,3% no m\u00eas passado, depois de ter subido 0,2% em dezembro. Nos 12 meses at\u00e9 janeiro, o indicador aumentou 3,1%. Economistas previram que o IPC aumentaria 0,2% no m\u00eas e 2,9% no comparativo anual.<\/p>\n","protected":false},"excerpt":{"rendered":"<p>O impacto do resultado foi sentido nas taxas de juros dos t\u00edtulos de d\u00edvida americana, nos futuros de a\u00e7\u00f5es e no d\u00f3lar, medido pelo \u00edndice DXY.<\/p>\n","protected":false},"author":37,"featured_media":485188,"comment_status":"closed","ping_status":"open","sticky":false,"template":"","format":"standard","meta":{"_acf_changed":false,"inline_featured_image":false,"footnotes":""},"categories":[4],"tags":[26,78,479,52],"autor-wsj":[],"coauthors":[2270],"class_list":["post-556391","post","type-post","status-publish","format-standard","has-post-thumbnail","hentry","category-financas","tag-dolar","tag-estados-unidos","tag-fed","tag-inflacao"],"acf":[],"amp_enabled":true,"_links":{"self":[{"href":"https:\/\/investnews.com.br\/inv-api\/wp\/v2\/posts\/556391","targetHints":{"allow":["GET"]}}],"collection":[{"href":"https:\/\/investnews.com.br\/inv-api\/wp\/v2\/posts"}],"about":[{"href":"https:\/\/investnews.com.br\/inv-api\/wp\/v2\/types\/post"}],"author":[{"embeddable":true,"href":"https:\/\/investnews.com.br\/inv-api\/wp\/v2\/users\/37"}],"replies":[{"embeddable":true,"href":"https:\/\/investnews.com.br\/inv-api\/wp\/v2\/comments?post=556391"}],"version-history":[{"count":7,"href":"https:\/\/investnews.com.br\/inv-api\/wp\/v2\/posts\/556391\/revisions"}],"predecessor-version":[{"id":735752,"href":"https:\/\/investnews.com.br\/inv-api\/wp\/v2\/posts\/556391\/revisions\/735752"}],"wp:featuredmedia":[{"embeddable":true,"href":"https:\/\/investnews.com.br\/inv-api\/wp\/v2\/media\/485188"}],"wp:attachment":[{"href":"https:\/\/investnews.com.br\/inv-api\/wp\/v2\/media?parent=556391"}],"wp:term":[{"taxonomy":"category","embeddable":true,"href":"https:\/\/investnews.com.br\/inv-api\/wp\/v2\/categories?post=556391"},{"taxonomy":"post_tag","embeddable":true,"href":"https:\/\/investnews.com.br\/inv-api\/wp\/v2\/tags?post=556391"},{"taxonomy":"autor-wsj","embeddable":true,"href":"https:\/\/investnews.com.br\/inv-api\/wp\/v2\/autor-wsj?post=556391"},{"taxonomy":"author","embeddable":true,"href":"https:\/\/investnews.com.br\/inv-api\/wp\/v2\/coauthors?post=556391"}],"curies":[{"name":"wp","href":"https:\/\/api.w.org\/{rel}","templated":true}]}}