{"id":557268,"date":"2024-02-16T17:51:13","date_gmt":"2024-02-16T20:51:13","guid":{"rendered":"https:\/\/investnews.com.br\/?p=557268"},"modified":"2024-02-16T17:51:15","modified_gmt":"2024-02-16T20:51:15","slug":"conselho-da-vale-esta-dividido-sobre-futuro-da-lideranca","status":"publish","type":"post","link":"https:\/\/investnews.com.br\/economia\/conselho-da-vale-esta-dividido-sobre-futuro-da-lideranca\/","title":{"rendered":"Conselho da Vale est\u00e1 dividido sobre futuro da lideran\u00e7a"},"content":{"rendered":"<p>Por Marta Nogueira e Rodrigo Viga Gaier<\/p>\n<p>RIO DE JANEIRO (Reuters) &#8211;     Uma reuni\u00e3o do conselho da Vale na v\u00e9spera terminou em um impasse, com os membros divididos sobre renovar ou n\u00e3o o mandato de CEO de Eduardo Bartolomeo, ap\u00f3s o governo ter demonstrado insatisfa\u00e7\u00e3o com os rumos da mineradora e ter dado sinais de que buscaria influenciar na escolha de um novo executivo.<\/p>\n<p>Dos 13 membros do colegiado, seis votaram a favor da recondu\u00e7\u00e3o de Eduardo Bartolomeo, cujo mandado de CEO termina em 26 de maio, outros seis votaram a favor da abertura de processo de sucess\u00e3o e um \u00faltimo voto optou pela absten\u00e7\u00e3o, segundo duas fontes com conhecimento do tema, que falaram na condi\u00e7\u00e3o de anonimato.<\/p>\n<p>&#8220;Houve um empate em seis a seis na reuni\u00e3o do conselho, e n\u00e3o h\u00e1 uma data para nova delibera\u00e7\u00e3o. Independentes e japoneses (conselheiros que integram o bloco no qual est\u00e1 a s\u00f3cia Mitsui) est\u00e3o a favor (do Bartolomeo). O que se tem agora \u00e9 um impasse&#8221;, afirmou uma das fontes.<\/p>\n<p>A fonte acrescentou que resolver este impasse ser\u00e1 desafiador.<\/p>\n<p>O voto de absten\u00e7\u00e3o foi de Luis Henrique Guimar\u00e3es, indicado pela Cosan &#8212; <a href=\"https:\/\/investnews.com.br\/guias\/acionista-o-que-e-e-como-funciona\/\">acionista<\/a> relevante da Vale &#8212; no conselho e considerado nos bastidores como um dos candidatos \u00e0 presid\u00eancia da Vale. Guimar\u00e3es foi CEO da Cosan, onde permanece como conselheiro.<\/p>\n<p>Na v\u00e9spera, a Vale informou em nota \u00e0 imprensa que a reuni\u00e3o extraordin\u00e1ria terminou &#8220;de forma inconclusiva&#8221; e que o colegiado voltar\u00e1 a se reunir &#8220;nos pr\u00f3ximos dias&#8221; em busca de uma defini\u00e7\u00e3o sobre o processo de sucess\u00e3o ou renova\u00e7\u00e3o de seu presidente, Eduardo Bartolomeo.<\/p>\n<p>As a\u00e7\u00f5es da companhia operavam em alta de mais de 3,50% na tarde de sexta-feira, enquanto o Ibovespa tinha ganho de 0,6%, por volta das 15h20.<\/p>\n<p>O conselho da Vale tem compet\u00eancia exclusiva para decidir sobre a escolha do presidente da companhia. No entanto, nos bastidores, o governo federal vem buscando meios de influenciar na escolha.<\/p>\n<p>No in\u00edcio do ano, o presidente Luiz In\u00e1cio Lula da Silva buscou emplacar seu ex-ministro da Fazenda Guido Mantega na lideran\u00e7a da Vale, conforme a Reuters publicou na ocasi\u00e3o com fonte pr\u00f3xima do assunto, e o ministro de Minas e Energia, Alexandre Silveira, defendeu publicamente as qualifica\u00e7\u00f5es dele para ocupar um cargo na empresa.<\/p>\n<p>No fim do m\u00eas passado, por\u00e9m, Silveira recuou e negou que o presidente tenha tratado sobre sucess\u00e3o na Vale e afirmou que Lula &#8220;nunca&#8221; se disporia a fazer interfer\u00eancia em uma empresa com capital aberto.<\/p>\n<p>Lula, por sua vez, vem fazendo cr\u00edticas p\u00fablicas \u00e0 atua\u00e7\u00e3o da Vale nos trabalhos de repara\u00e7\u00e3o e compensa\u00e7\u00e3o pelos rompimentos de barragens da Samarco &#8212; joint venture da Vale com a BHP &#8212; e da pr\u00f3pria Vale, em 2015 e 2019, respectivamente.<\/p>\n<p>Mas, nos bastidores, o que se fala \u00e9 que Lula gostaria de um presidente que tivesse maior interlocu\u00e7\u00e3o com o governo.<\/p>\n<p>Segundo reportagem da Folha de S.Paulo, a substitui\u00e7\u00e3o de Bartolomeo ganhou apoio dos dois conselheiros indicados pela Previ (fundo de pens\u00e3o do Banco do Brasil), Daniel Stieler e Jo\u00e3o Luiz Fukunaga, e pelo indicado pelo Bradesco, Fernando Jorge Buso Gomes.<\/p>\n<p>TRAJET\u00d3RIA DO CEO<\/p>\n<p>Bartolomeo assumiu a presid\u00eancia da Vale primeiramente de forma interina em 2019, deixando o cargo de diretor de Metais B\u00e1sicos da empresa, no Canad\u00e1, ap\u00f3s afastamento do ent\u00e3o presidente Fabio Schvartsman, que liderava a companhia quando houve o rompimento da barragem de Brumadinho (MG), em janeiro daquele ano.<\/p>\n<p>Bartolomeo foi eleito em seguida definitivamente pelo conselho como CEO, a partir de uma lista preparada pela empresa internacional de sele\u00e7\u00e3o de executivos, Spencer Stuart, em conformidade com a governan\u00e7a da companhia.<\/p>\n<p>O mandato de Bartolomeo ficou marcado pela busca por maior seguran\u00e7a nas instala\u00e7\u00f5es da companhia, com um plano para o descomissionamento de barragens de maior risco, al\u00e9m de um trabalho para a repara\u00e7\u00e3o de danos.<\/p>\n<p>Do lado operacional, a gest\u00e3o de Bartolomeo tem buscado valorizar qualidade do min\u00e9rio de ferro sobre volumes, tirando vantagens do produto da Vale com maior teor do que o dos concorrentes, al\u00e9m de investir em iniciativas na cria\u00e7\u00e3o de materiais com maior valor agregado.<\/p>\n<p>Bartolomeo tamb\u00e9m conseguiu efetivar uma separa\u00e7\u00e3o da unidade de metais b\u00e1sicos da Vale, em busca de destravar valor diante das perspectivas para o crescimento da demanda de mat\u00e9rias-primas para baterias de carros el\u00e9tricos com a eletrifica\u00e7\u00e3o.<\/p>\n<p>(Por Marta Nogueira e Rodrigo Viga Gaier)<\/p>\n","protected":false},"excerpt":{"rendered":"<p>Por Marta Nogueira e Rodrigo Viga Gaier RIO DE JANEIRO (Reuters) &#8211; Uma reuni\u00e3o do conselho da Vale na v\u00e9spera terminou em um impasse, com os membros divididos sobre renovar ou n\u00e3o o mandato de CEO de Eduardo Bartolomeo, ap\u00f3s o governo ter demonstrado insatisfa\u00e7\u00e3o com os rumos da mineradora e ter dado sinais de [&hellip;]<\/p>\n","protected":false},"author":61,"featured_media":0,"comment_status":"closed","ping_status":"open","sticky":false,"template":"","format":"standard","meta":{"_acf_changed":false,"inline_featured_image":false,"footnotes":""},"categories":[5],"tags":[102288],"autor-wsj":[],"coauthors":[2494],"class_list":["post-557268","post","type-post","status-publish","format-standard","hentry","category-economia","tag-reuters"],"acf":[],"amp_enabled":true,"_links":{"self":[{"href":"https:\/\/investnews.com.br\/inv-api\/wp\/v2\/posts\/557268","targetHints":{"allow":["GET"]}}],"collection":[{"href":"https:\/\/investnews.com.br\/inv-api\/wp\/v2\/posts"}],"about":[{"href":"https:\/\/investnews.com.br\/inv-api\/wp\/v2\/types\/post"}],"author":[{"embeddable":true,"href":"https:\/\/investnews.com.br\/inv-api\/wp\/v2\/users\/61"}],"replies":[{"embeddable":true,"href":"https:\/\/investnews.com.br\/inv-api\/wp\/v2\/comments?post=557268"}],"version-history":[{"count":2,"href":"https:\/\/investnews.com.br\/inv-api\/wp\/v2\/posts\/557268\/revisions"}],"predecessor-version":[{"id":557481,"href":"https:\/\/investnews.com.br\/inv-api\/wp\/v2\/posts\/557268\/revisions\/557481"}],"wp:attachment":[{"href":"https:\/\/investnews.com.br\/inv-api\/wp\/v2\/media?parent=557268"}],"wp:term":[{"taxonomy":"category","embeddable":true,"href":"https:\/\/investnews.com.br\/inv-api\/wp\/v2\/categories?post=557268"},{"taxonomy":"post_tag","embeddable":true,"href":"https:\/\/investnews.com.br\/inv-api\/wp\/v2\/tags?post=557268"},{"taxonomy":"autor-wsj","embeddable":true,"href":"https:\/\/investnews.com.br\/inv-api\/wp\/v2\/autor-wsj?post=557268"},{"taxonomy":"author","embeddable":true,"href":"https:\/\/investnews.com.br\/inv-api\/wp\/v2\/coauthors?post=557268"}],"curies":[{"name":"wp","href":"https:\/\/api.w.org\/{rel}","templated":true}]}}