{"id":557821,"date":"2024-02-19T15:55:13","date_gmt":"2024-02-19T18:55:13","guid":{"rendered":"https:\/\/investnews.com.br\/?p=557821"},"modified":"2024-02-19T15:55:16","modified_gmt":"2024-02-19T18:55:16","slug":"chuvas-em-hidreletricas-entre-fevereiro-e-julho-terao-5a-pior-media-da-historia-diz-ons","status":"publish","type":"post","link":"https:\/\/investnews.com.br\/economia\/chuvas-em-hidreletricas-entre-fevereiro-e-julho-terao-5a-pior-media-da-historia-diz-ons\/","title":{"rendered":"Chuvas em hidrel\u00e9tricas entre fevereiro e julho ter\u00e3o 5\u00aa pior m\u00e9dia da hist\u00f3ria, diz ONS"},"content":{"rendered":"<p>S\u00c3O PAULO (Reuters) &#8211;     As chuvas que devem chegar \u00e0s usinas hidrel\u00e9tricas do Brasil entre fevereiro e julho deste ano devem alcan\u00e7ar a quinta pior m\u00e9dia da hist\u00f3ria, no cen\u00e1rio mais otimista, apontou nesta segunda-feira o Operador Nacional do Sistema El\u00e9trico (ONS).<\/p>\n<p>Segundo o ONS, a energia natural afluente (ENA) no per\u00edodo deve variar entre 51% e 78% da m\u00e9dia hist\u00f3rica. A estimativa do limite inferior, se confirmada, seria a menor em toda s\u00e9rie hist\u00f3rica de 94 anos.<\/p>\n<p>O cen\u00e1rio foi apresentado pelo ONS em reuni\u00e3o do Comit\u00ea de Monitoramento do Setor El\u00e9trico (CMSE) no in\u00edcio de fevereiro e divulgado nesta segunda-feira em comunicado no site do \u00f3rg\u00e3o.<\/p>\n<p>De acordo com o ONS, a situa\u00e7\u00e3o de chuvas decepcionantes no per\u00edodo tipicamente \u00famido traz &#8220;aten\u00e7\u00e3o&#8221; para poss\u00edveis &#8220;desafios&#8221; na opera\u00e7\u00e3o do sistema el\u00e9trico brasileiro, mas a expectativa \u00e9 de que o pa\u00eds ser\u00e1 capaz de atender \u00e0 demanda de energia projetada.<\/p>\n<p>Apesar do forte crescimento das fontes renov\u00e1veis e\u00f3lica e solar nos \u00faltimos anos, o Brasil ainda \u00e9 bastante dependente da gera\u00e7\u00e3o hidrel\u00e9trica, com os per\u00edodos chuvosos sendo cruciais para recuperar os n\u00edveis de armazenamento dos reservat\u00f3rios de todo o pa\u00eds.<\/p>\n<p>Pelas proje\u00e7\u00f5es do ONS, a capacidade dos reservat\u00f3rios de hidrel\u00e9tricas do Sudeste\/Centro-Oeste, regi\u00e3o considerada a &#8220;caixa d&#8217;\u00e1gua&#8221; do pa\u00eds, deve variar entre 36,3% e 73,1% ao final de julho.<\/p>\n<p>Na proje\u00e7\u00e3o superior, os reservat\u00f3rios do principal subsistema estariam em patamar 11,2 pontos percentuais (p.p.) abaixo do verificado em julho de 2023 e, na proje\u00e7\u00e3o inferior, 48% inferior.<\/p>\n<p>Diante desse cen\u00e1rio, o ONS disse ter feito recomenda\u00e7\u00f5es ao CMSE para monitorar o replecionamento dos reservat\u00f3rios da bacia hidrogr\u00e1fica do Paran\u00e1 e definir sobre eventual flexibiliza\u00e7\u00e3o das deflu\u00eancias m\u00ednimas nas hidrel\u00e9tricas Porto Primavera e Jupi\u00e1, a partir de mar\u00e7o, para os n\u00edveis de 3.900m\u00b3\/s e 3.300m\u00b3\/s, respectivamente.<\/p>\n<p>&#8220;O ajuste nas deflu\u00eancias teria a fun\u00e7\u00e3o de assegurar melhores condi\u00e7\u00f5es de atendimento futuro do SIN (Sistema Irterligado Nacional) e a garantia da preserva\u00e7\u00e3o dos usos m\u00faltiplos da \u00e1gua&#8221;.<\/p>\n<p>(Por Let\u00edcia Fucuchima)<\/p>\n","protected":false},"excerpt":{"rendered":"<p>S\u00c3O PAULO (Reuters) &#8211; As chuvas que devem chegar \u00e0s usinas hidrel\u00e9tricas do Brasil entre fevereiro e julho deste ano devem alcan\u00e7ar a quinta pior m\u00e9dia da hist\u00f3ria, no cen\u00e1rio mais otimista, apontou nesta segunda-feira o Operador Nacional do Sistema El\u00e9trico (ONS). Segundo o ONS, a energia natural afluente (ENA) no per\u00edodo deve variar entre [&hellip;]<\/p>\n","protected":false},"author":61,"featured_media":0,"comment_status":"closed","ping_status":"open","sticky":false,"template":"","format":"standard","meta":{"_acf_changed":false,"inline_featured_image":false,"footnotes":""},"categories":[5],"tags":[102288],"autor-wsj":[],"coauthors":[2494],"class_list":["post-557821","post","type-post","status-publish","format-standard","hentry","category-economia","tag-reuters"],"acf":[],"amp_enabled":true,"_links":{"self":[{"href":"https:\/\/investnews.com.br\/inv-api\/wp\/v2\/posts\/557821","targetHints":{"allow":["GET"]}}],"collection":[{"href":"https:\/\/investnews.com.br\/inv-api\/wp\/v2\/posts"}],"about":[{"href":"https:\/\/investnews.com.br\/inv-api\/wp\/v2\/types\/post"}],"author":[{"embeddable":true,"href":"https:\/\/investnews.com.br\/inv-api\/wp\/v2\/users\/61"}],"replies":[{"embeddable":true,"href":"https:\/\/investnews.com.br\/inv-api\/wp\/v2\/comments?post=557821"}],"version-history":[{"count":2,"href":"https:\/\/investnews.com.br\/inv-api\/wp\/v2\/posts\/557821\/revisions"}],"predecessor-version":[{"id":557859,"href":"https:\/\/investnews.com.br\/inv-api\/wp\/v2\/posts\/557821\/revisions\/557859"}],"wp:attachment":[{"href":"https:\/\/investnews.com.br\/inv-api\/wp\/v2\/media?parent=557821"}],"wp:term":[{"taxonomy":"category","embeddable":true,"href":"https:\/\/investnews.com.br\/inv-api\/wp\/v2\/categories?post=557821"},{"taxonomy":"post_tag","embeddable":true,"href":"https:\/\/investnews.com.br\/inv-api\/wp\/v2\/tags?post=557821"},{"taxonomy":"autor-wsj","embeddable":true,"href":"https:\/\/investnews.com.br\/inv-api\/wp\/v2\/autor-wsj?post=557821"},{"taxonomy":"author","embeddable":true,"href":"https:\/\/investnews.com.br\/inv-api\/wp\/v2\/coauthors?post=557821"}],"curies":[{"name":"wp","href":"https:\/\/api.w.org\/{rel}","templated":true}]}}