{"id":558176,"date":"2024-02-21T16:12:13","date_gmt":"2024-02-21T19:12:13","guid":{"rendered":"https:\/\/investnews.com.br\/?p=558176"},"modified":"2024-02-21T16:12:15","modified_gmt":"2024-02-21T19:12:15","slug":"gerdau-acelera-readequacao-de-tamanho-no-brasil-e-culpa-demora-do-governo-em-defesa-comercial-2","status":"publish","type":"post","link":"https:\/\/investnews.com.br\/economia\/gerdau-acelera-readequacao-de-tamanho-no-brasil-e-culpa-demora-do-governo-em-defesa-comercial-2\/","title":{"rendered":"Gerdau acelera &#8220;readequa\u00e7\u00e3o&#8221; de tamanho no Brasil e culpa demora do governo em defesa comercial"},"content":{"rendered":"<p>S\u00c3O PAULO (Reuters) &#8211;     A Gerdau est\u00e1 acelerando planos para readequar o tamanho de suas opera\u00e7\u00f5es no Brasil diante do que avalia como demora do governo federal em tomar medidas de defesa comercial contra importa\u00e7\u00f5es de a\u00e7o da China e outros pa\u00edses da \u00c1sia, afirmou o presidente-executivo da companhia, Gustavo Werneck, nesta quarta-feira.<\/p>\n<p>&#8220;Estamos estudando como concentramos a capacidade em menos usinas e deixamos temporariamente algumas capacidades fechadas&#8221;, disse o executivo, em entrevista a jornalistas, ap\u00f3s a companhia divulgar na noite da v\u00e9spera queda de 45% no <a href=\"https:\/\/investnews.com.br\/guias\/lucro-liquido\/\">lucro l\u00edquido<\/a> do quarto trimestre sobre um ano antes.<\/p>\n<p>O executivo afirmou que a Gerdau tomou na semana passada a decis\u00e3o de demitir mais 100 funcion\u00e1rios de uma unidade fabril da companhia em Pindamonhangaba (SP), cidade natal do vice-presidente da Rep\u00fablica e ministro do Desenvolvimento (Mdic), Geraldo Alckmin.<\/p>\n<p>&#8220;Essas pessoas tiveram seus contratos encerrados por essa dificuldade do governo federal em implantar as medidas&#8221;, disse o executivo, acrescentando que nos \u00faltimos meses a empresa demitiu cerca de 1.000 trabalhadores no Brasil.<\/p>\n<p>(Por Alberto Alerigi Jr.; )<\/p>\n","protected":false},"excerpt":{"rendered":"<p>S\u00c3O PAULO (Reuters) &#8211; A Gerdau est\u00e1 acelerando planos para readequar o tamanho de suas opera\u00e7\u00f5es no Brasil diante do que avalia como demora do governo federal em tomar medidas de defesa comercial contra importa\u00e7\u00f5es de a\u00e7o da China e outros pa\u00edses da \u00c1sia, afirmou o presidente-executivo da companhia, Gustavo Werneck, nesta quarta-feira. &#8220;Estamos estudando [&hellip;]<\/p>\n","protected":false},"author":61,"featured_media":0,"comment_status":"closed","ping_status":"open","sticky":false,"template":"","format":"standard","meta":{"_acf_changed":false,"inline_featured_image":false,"footnotes":""},"categories":[5],"tags":[102288],"autor-wsj":[],"coauthors":[2494],"class_list":["post-558176","post","type-post","status-publish","format-standard","hentry","category-economia","tag-reuters"],"acf":[],"amp_enabled":true,"_links":{"self":[{"href":"https:\/\/investnews.com.br\/inv-api\/wp\/v2\/posts\/558176","targetHints":{"allow":["GET"]}}],"collection":[{"href":"https:\/\/investnews.com.br\/inv-api\/wp\/v2\/posts"}],"about":[{"href":"https:\/\/investnews.com.br\/inv-api\/wp\/v2\/types\/post"}],"author":[{"embeddable":true,"href":"https:\/\/investnews.com.br\/inv-api\/wp\/v2\/users\/61"}],"replies":[{"embeddable":true,"href":"https:\/\/investnews.com.br\/inv-api\/wp\/v2\/comments?post=558176"}],"version-history":[{"count":2,"href":"https:\/\/investnews.com.br\/inv-api\/wp\/v2\/posts\/558176\/revisions"}],"predecessor-version":[{"id":558222,"href":"https:\/\/investnews.com.br\/inv-api\/wp\/v2\/posts\/558176\/revisions\/558222"}],"wp:attachment":[{"href":"https:\/\/investnews.com.br\/inv-api\/wp\/v2\/media?parent=558176"}],"wp:term":[{"taxonomy":"category","embeddable":true,"href":"https:\/\/investnews.com.br\/inv-api\/wp\/v2\/categories?post=558176"},{"taxonomy":"post_tag","embeddable":true,"href":"https:\/\/investnews.com.br\/inv-api\/wp\/v2\/tags?post=558176"},{"taxonomy":"autor-wsj","embeddable":true,"href":"https:\/\/investnews.com.br\/inv-api\/wp\/v2\/autor-wsj?post=558176"},{"taxonomy":"author","embeddable":true,"href":"https:\/\/investnews.com.br\/inv-api\/wp\/v2\/coauthors?post=558176"}],"curies":[{"name":"wp","href":"https:\/\/api.w.org\/{rel}","templated":true}]}}