{"id":558277,"date":"2024-02-21T19:11:27","date_gmt":"2024-02-21T22:11:27","guid":{"rendered":"https:\/\/investnews.com.br\/?p=558277"},"modified":"2024-02-21T19:11:30","modified_gmt":"2024-02-21T22:11:30","slug":"primeira-etapa-do-voa-brasil-deve-ser-lancada-em-marco-diz-ministro","status":"publish","type":"post","link":"https:\/\/investnews.com.br\/economia\/primeira-etapa-do-voa-brasil-deve-ser-lancada-em-marco-diz-ministro\/","title":{"rendered":"Primeira etapa do Voa Brasil deve ser lan\u00e7ada em mar\u00e7o, diz ministro"},"content":{"rendered":"<p>(Reuters) &#8211;     A primeira etapa do programa Voa Brasil de passagens a\u00e9reas mais baratas deve ser lan\u00e7ada no in\u00edcio de mar\u00e7o e contar\u00e1 com a participa\u00e7\u00e3o das empresas Latam Airlines Brasil, Gol e Azul, disse o ministro de Portos e Aeroportos, Silvio Costa Filho, nesta quarta-feira.<\/p>\n<p>&#8220;A primeira etapa do Voa Brasil a gente espera incluir 21 milh\u00f5es de brasileiros tendo a oportunidade de poder viajar, e as companhias a\u00e9reas se comprometeram a oferecer 5 milh\u00f5es de passagens&#8221;, disse o ministro em entrevista \u00e0 CNN Brasil, acrescentando que os bilhetes estar\u00e3o dispon\u00edveis em um site do programa.<\/p>\n<p>Segundo Costa Filho, ter\u00e3o acesso ao programa inicialmente 20 milh\u00f5es de aposentados do Instituto Nacional do Seguro Social (INSS) que recebem at\u00e9 2 sal\u00e1rios m\u00ednimos e que n\u00e3o viajaram de avi\u00e3o nos \u00faltimos 12 meses, al\u00e9m de cerca de 800 mil estudantes do Prouni.<\/p>\n<p>&#8220;N\u00e3o h\u00e1 nenhum dinheiro p\u00fablico nesse investimento no primeiro momento do Voa Brasil, \u00e9 muito mais um programa colaborativo&#8221;, destacou o ministro. &#8220;Isso n\u00e3o quer dizer que o governo brasileiro&#8230; n\u00e3o est\u00e1 agindo para ajudar as companhias a\u00e9reas no Brasil.&#8221;<\/p>\n<p>Ele afirmou que o &#8220;problema da avia\u00e7\u00e3o&#8221; \u00e9 mundial e que o governo est\u00e1 trabalhando em medidas para redu\u00e7\u00e3o do querosene de avia\u00e7\u00e3o (QAV) no pa\u00eds, cria\u00e7\u00e3o de uma agenda de cr\u00e9dito para o setor e diminui\u00e7\u00e3o da judicializa\u00e7\u00e3o na ind\u00fastria.<\/p>\n<p>Na v\u00e9spera, o ministro se reuniu com as 12 principais concession\u00e1rias que administram 59 aeroportos brasileiros para anunciar investimentos de 20 bilh\u00f5es de reais nos terminais.<\/p>\n<p>&#8220;Estamos buscando voos internacionais que queiram operar no Brasil&#8221;, acrescentou Costa Filho, ressaltando ainda um an\u00fancio previsto para 18 de mar\u00e7o de investimento pela Aena Brasil, do grupo espanhol Aena, de 2 bilh\u00f5es de reais no Aeroporto de Congonhas, al\u00e9m de &#8220;outros investimentos&#8221;.<\/p>\n<p>(Reportagem de Patricia Vilas Boas em S\u00e3o Paulo)<\/p>\n","protected":false},"excerpt":{"rendered":"<p>(Reuters) &#8211; A primeira etapa do programa Voa Brasil de passagens a\u00e9reas mais baratas deve ser lan\u00e7ada no in\u00edcio de mar\u00e7o e contar\u00e1 com a participa\u00e7\u00e3o das empresas Latam Airlines Brasil, Gol e Azul, disse o ministro de Portos e Aeroportos, Silvio Costa Filho, nesta quarta-feira. &#8220;A primeira etapa do Voa Brasil a gente espera [&hellip;]<\/p>\n","protected":false},"author":61,"featured_media":0,"comment_status":"closed","ping_status":"open","sticky":false,"template":"","format":"standard","meta":{"_acf_changed":false,"inline_featured_image":false,"footnotes":""},"categories":[5],"tags":[102288],"autor-wsj":[],"coauthors":[2494],"class_list":["post-558277","post","type-post","status-publish","format-standard","hentry","category-economia","tag-reuters"],"acf":[],"amp_enabled":true,"_links":{"self":[{"href":"https:\/\/investnews.com.br\/inv-api\/wp\/v2\/posts\/558277","targetHints":{"allow":["GET"]}}],"collection":[{"href":"https:\/\/investnews.com.br\/inv-api\/wp\/v2\/posts"}],"about":[{"href":"https:\/\/investnews.com.br\/inv-api\/wp\/v2\/types\/post"}],"author":[{"embeddable":true,"href":"https:\/\/investnews.com.br\/inv-api\/wp\/v2\/users\/61"}],"replies":[{"embeddable":true,"href":"https:\/\/investnews.com.br\/inv-api\/wp\/v2\/comments?post=558277"}],"version-history":[{"count":2,"href":"https:\/\/investnews.com.br\/inv-api\/wp\/v2\/posts\/558277\/revisions"}],"predecessor-version":[{"id":558306,"href":"https:\/\/investnews.com.br\/inv-api\/wp\/v2\/posts\/558277\/revisions\/558306"}],"wp:attachment":[{"href":"https:\/\/investnews.com.br\/inv-api\/wp\/v2\/media?parent=558277"}],"wp:term":[{"taxonomy":"category","embeddable":true,"href":"https:\/\/investnews.com.br\/inv-api\/wp\/v2\/categories?post=558277"},{"taxonomy":"post_tag","embeddable":true,"href":"https:\/\/investnews.com.br\/inv-api\/wp\/v2\/tags?post=558277"},{"taxonomy":"autor-wsj","embeddable":true,"href":"https:\/\/investnews.com.br\/inv-api\/wp\/v2\/autor-wsj?post=558277"},{"taxonomy":"author","embeddable":true,"href":"https:\/\/investnews.com.br\/inv-api\/wp\/v2\/coauthors?post=558277"}],"curies":[{"name":"wp","href":"https:\/\/api.w.org\/{rel}","templated":true}]}}