{"id":558297,"date":"2024-02-21T19:11:38","date_gmt":"2024-02-21T22:11:38","guid":{"rendered":"https:\/\/investnews.com.br\/?p=558297"},"modified":"2024-02-21T19:11:42","modified_gmt":"2024-02-21T22:11:42","slug":"contingenciamento-de-gastos-pode-ser-muito-menor-se-alta-da-receita-se-confirmar-diz-tebet","status":"publish","type":"post","link":"https:\/\/investnews.com.br\/economia\/contingenciamento-de-gastos-pode-ser-muito-menor-se-alta-da-receita-se-confirmar-diz-tebet\/","title":{"rendered":"Contingenciamento de gastos pode ser muito menor se alta da receita se confirmar, diz Tebet"},"content":{"rendered":"<p>Por Victor Borges<\/p>\n<p>BRAS\u00cdLIA (Reuters) &#8211;     A ministra do Planejamento e Or\u00e7amento, Simone Tebet, afirmou nesta quarta-feira que o contigenciamento de gastos p\u00fablicos pode ficar muito abaixo do previsto se for confirmado um aumento na receita.<\/p>\n<p>Em entrevista a jornalistas na sa\u00edda do Minist\u00e9rio da Fazenda ap\u00f3s reuni\u00e3o com o chefe da pasta, Fernando Haddad, Tebet disse que essa alta pode ser confirmada at\u00e9 o fim deste m\u00eas, o que pode deixar o governo mais &#8220;tranquilo&#8221; em rela\u00e7\u00e3o ao contingenciamento em mar\u00e7o com o primeiro relat\u00f3rio bimestral do minist\u00e9rio.<\/p>\n","protected":false},"excerpt":{"rendered":"<p>Por Victor Borges BRAS\u00cdLIA (Reuters) &#8211; A ministra do Planejamento e Or\u00e7amento, Simone Tebet, afirmou nesta quarta-feira que o contigenciamento de gastos p\u00fablicos pode ficar muito abaixo do previsto se for confirmado um aumento na receita. Em entrevista a jornalistas na sa\u00edda do Minist\u00e9rio da Fazenda ap\u00f3s reuni\u00e3o com o chefe da pasta, Fernando Haddad, [&hellip;]<\/p>\n","protected":false},"author":61,"featured_media":0,"comment_status":"closed","ping_status":"open","sticky":false,"template":"","format":"standard","meta":{"_acf_changed":false,"inline_featured_image":false,"footnotes":""},"categories":[5],"tags":[102288],"autor-wsj":[],"coauthors":[2494],"class_list":["post-558297","post","type-post","status-publish","format-standard","hentry","category-economia","tag-reuters"],"acf":[],"amp_enabled":true,"_links":{"self":[{"href":"https:\/\/investnews.com.br\/inv-api\/wp\/v2\/posts\/558297","targetHints":{"allow":["GET"]}}],"collection":[{"href":"https:\/\/investnews.com.br\/inv-api\/wp\/v2\/posts"}],"about":[{"href":"https:\/\/investnews.com.br\/inv-api\/wp\/v2\/types\/post"}],"author":[{"embeddable":true,"href":"https:\/\/investnews.com.br\/inv-api\/wp\/v2\/users\/61"}],"replies":[{"embeddable":true,"href":"https:\/\/investnews.com.br\/inv-api\/wp\/v2\/comments?post=558297"}],"version-history":[{"count":2,"href":"https:\/\/investnews.com.br\/inv-api\/wp\/v2\/posts\/558297\/revisions"}],"predecessor-version":[{"id":558315,"href":"https:\/\/investnews.com.br\/inv-api\/wp\/v2\/posts\/558297\/revisions\/558315"}],"wp:attachment":[{"href":"https:\/\/investnews.com.br\/inv-api\/wp\/v2\/media?parent=558297"}],"wp:term":[{"taxonomy":"category","embeddable":true,"href":"https:\/\/investnews.com.br\/inv-api\/wp\/v2\/categories?post=558297"},{"taxonomy":"post_tag","embeddable":true,"href":"https:\/\/investnews.com.br\/inv-api\/wp\/v2\/tags?post=558297"},{"taxonomy":"autor-wsj","embeddable":true,"href":"https:\/\/investnews.com.br\/inv-api\/wp\/v2\/autor-wsj?post=558297"},{"taxonomy":"author","embeddable":true,"href":"https:\/\/investnews.com.br\/inv-api\/wp\/v2\/coauthors?post=558297"}],"curies":[{"name":"wp","href":"https:\/\/api.w.org\/{rel}","templated":true}]}}