{"id":558437,"date":"2024-02-22T15:18:11","date_gmt":"2024-02-22T18:18:11","guid":{"rendered":"https:\/\/investnews.com.br\/?p=558437"},"modified":"2024-02-22T15:18:15","modified_gmt":"2024-02-22T18:18:15","slug":"coerencia-em-comunicacao-do-bc-esta-ancorando-expectativas-em-cortes-de-05-p-p-diz-galipolo","status":"publish","type":"post","link":"https:\/\/investnews.com.br\/economia\/coerencia-em-comunicacao-do-bc-esta-ancorando-expectativas-em-cortes-de-05-p-p-diz-galipolo\/","title":{"rendered":"Coer\u00eancia em comunica\u00e7\u00e3o do BC est\u00e1 ancorando expectativas em cortes de 0,5 p.p., diz Gal\u00edpolo"},"content":{"rendered":"<p>Por Fernando Cardoso<\/p>\n<p>S\u00c3O PAULO (Reuters) &#8211;     O diretor de Pol\u00edtica Monet\u00e1ria do Banco Central, Gabriel Gal\u00edpolo, disse nesta quinta-feira que a &#8220;coer\u00eancia&#8221; na comunica\u00e7\u00e3o da autarquia est\u00e1 ancorando as expectativas do mercado em torno de um ritmo cont\u00ednuo de cortes de 0,50 ponto percentual na <a href=\"https:\/\/investnews.com.br\/guias\/taxa-selic\/\">taxa Selic<\/a>, mesmo com a <a href=\"https:\/\/investnews.com.br\/guias\/volatilidade-o-que-e\/\">volatilidade<\/a> do cen\u00e1rio externo.<\/p>\n<p>Seus coment\u00e1rios vieram depois que o Banco Central cortou os juros em meio ponto pela quinta vez seguida em sua \u00faltima reuni\u00e3o de pol\u00edtica monet\u00e1ria, indicando manuten\u00e7\u00e3o desse passo para os encontros seguintes em meio \u00e0 cautela com as expectativas de infla\u00e7\u00e3o e de olho no ambiente global.<\/p>\n<p>&#8220;Acho que ao longo desse per\u00edodo com toda essa volatilidade no mercado internacional, a coer\u00eancia na comunica\u00e7\u00e3o do Banco Central foi gradativamente ancorando tanto as expectativas dos economistas quanto as apostas do mercado em torno desse 0,5 p.p.&#8221;, disse Gal\u00edpolo em evento organizado pela C\u00e2mara Espanhola em S\u00e3o Paulo<\/p>\n<p>Gal\u00edpolo afirmou que, com o atual ritmo de afrouxamento monet\u00e1rio, o BC est\u00e1 conseguindo ganhar tempo para analisar as rea\u00e7\u00f5es do mercado em meio a todas as vari\u00e1veis levadas em conta pela autarquia.<\/p>\n<p>Ele explicou que termos como &#8220;serenidade&#8221; e &#8220;parcim\u00f4nia&#8221; na comunica\u00e7\u00e3o do BC representam a &#8220;humildade&#8221; que as autoridades tem tido para acumular o m\u00e1ximo de informa\u00e7\u00f5es poss\u00edveis e interpret\u00e1-las com cautela.<\/p>\n<p>Questionado sobre a quest\u00e3o fiscal do pa\u00eds, Gal\u00edpolo disse que o tema \u00e9 um desafio, mas que deposita &#8220;bastante confian\u00e7a&#8221; no trabalho de revis\u00e3o de gastos que a ministra do Planejamento, Simone Tebet, est\u00e1 fazendo, que, segundo ele, pode trazer surpresas positivas.<\/p>\n<p>O diretor indicou que, caso a meta de d\u00e9ficit prim\u00e1rio zero para este ano n\u00e3o seja alterada ou ocorra uma mudan\u00e7a inferior \u00e0 esperada, o mercado tende a reagir de forma positiva, uma vez que as expectativas atuais de n\u00e3o cumprimento da meta j\u00e1 est\u00e3o precificadas nos ativos<\/p>\n<p>&#8220;Se n\u00e3o ocorrer uma mudan\u00e7a de meta ou se eventualmente for uma mudan\u00e7a inferior ao que se imagina, acho que o mercado tende a reagir como uma surpresa positiva&#8221;, afirmou.<\/p>\n<p>No entanto, Gal\u00edpolo disse tamb\u00e9m que a queda dos investimentos \u00e9 uma preocupa\u00e7\u00e3o para o Brasil do ponto de vista estrutural.<\/p>\n<p>Segundo ele, o pa\u00eds tem uma taxa de investimento &#8220;relativamente baixa&#8221; h\u00e1 muito tempo, mas ponderou que o Brasil est\u00e1 em posi\u00e7\u00e3o privilegiada para reverter essa situa\u00e7\u00e3o, principalmente por suas vantagens competitivas na transi\u00e7\u00e3o energ\u00e9tica.<\/p>\n<p>TENS\u00d5ES GEOPOL\u00cdTICAS E CEN\u00c1RIO EXTERNO<\/p>\n<p>No evento, Gal\u00edpolo apontou que elementos geopol\u00edticos recentes, como os conflitos em andamento na Ucr\u00e2nia e na Faixa de Gaza, ganharam mais relev\u00e2ncia para a din\u00e2mica global de pre\u00e7os, principalmente em rela\u00e7\u00e3o ao petr\u00f3leo e a alguns produtos agr\u00edcolas<\/p>\n<p>Para o diretor do BC, deve se evitar que as tens\u00f5es geopol\u00edticas promovam um amplo processo de desglobaliza\u00e7\u00e3o, argumentando que o Brasil possui um papel fundamental &#8220;pelo tamanho que tem&#8221; em impulsionar uma &#8220;reglobaliza\u00e7\u00e3o&#8221;, ap\u00f3s as altera\u00e7\u00f5es na din\u00e2mica de cadeias produtivas geradas pela pandemia da Covid-19.<\/p>\n<p>&#8220;Cabe \u00e0 gente como sociedade esse desafio de n\u00e3o deixar que esses eventos se transformem em uma desglobaliza\u00e7\u00e3o&#8221;, disse.<\/p>\n<p>Ele acrescentou que o cen\u00e1rio externo pode, no entanto, ser visto de forma positiva do ponto de vista brasileiro, devido \u00e0 balan\u00e7a comercial favor\u00e1vel do pa\u00eds e \u00e0 sua exporta\u00e7\u00e3o l\u00edquida de petr\u00f3leo.<\/p>\n<p>Os coment\u00e1rios de Gal\u00edpolo vieram em linha com fala recente do presidente do Banco Central, Roberto Campos Neto, sobre os riscos inflacion\u00e1rios de interrup\u00e7\u00f5es do transporte mar\u00edtimo na regi\u00e3o do Mar Vermelho.<\/p>\n","protected":false},"excerpt":{"rendered":"<p>Por Fernando Cardoso S\u00c3O PAULO (Reuters) &#8211; O diretor de Pol\u00edtica Monet\u00e1ria do Banco Central, Gabriel Gal\u00edpolo, disse nesta quinta-feira que a &#8220;coer\u00eancia&#8221; na comunica\u00e7\u00e3o da autarquia est\u00e1 ancorando as expectativas do mercado em torno de um ritmo cont\u00ednuo de cortes de 0,50 ponto percentual na taxa Selic, mesmo com a volatilidade do cen\u00e1rio externo. [&hellip;]<\/p>\n","protected":false},"author":61,"featured_media":0,"comment_status":"closed","ping_status":"open","sticky":false,"template":"","format":"standard","meta":{"_acf_changed":false,"inline_featured_image":false,"footnotes":""},"categories":[5],"tags":[102288],"autor-wsj":[],"coauthors":[2494],"class_list":["post-558437","post","type-post","status-publish","format-standard","hentry","category-economia","tag-reuters"],"acf":[],"amp_enabled":true,"_links":{"self":[{"href":"https:\/\/investnews.com.br\/inv-api\/wp\/v2\/posts\/558437","targetHints":{"allow":["GET"]}}],"collection":[{"href":"https:\/\/investnews.com.br\/inv-api\/wp\/v2\/posts"}],"about":[{"href":"https:\/\/investnews.com.br\/inv-api\/wp\/v2\/types\/post"}],"author":[{"embeddable":true,"href":"https:\/\/investnews.com.br\/inv-api\/wp\/v2\/users\/61"}],"replies":[{"embeddable":true,"href":"https:\/\/investnews.com.br\/inv-api\/wp\/v2\/comments?post=558437"}],"version-history":[{"count":2,"href":"https:\/\/investnews.com.br\/inv-api\/wp\/v2\/posts\/558437\/revisions"}],"predecessor-version":[{"id":558492,"href":"https:\/\/investnews.com.br\/inv-api\/wp\/v2\/posts\/558437\/revisions\/558492"}],"wp:attachment":[{"href":"https:\/\/investnews.com.br\/inv-api\/wp\/v2\/media?parent=558437"}],"wp:term":[{"taxonomy":"category","embeddable":true,"href":"https:\/\/investnews.com.br\/inv-api\/wp\/v2\/categories?post=558437"},{"taxonomy":"post_tag","embeddable":true,"href":"https:\/\/investnews.com.br\/inv-api\/wp\/v2\/tags?post=558437"},{"taxonomy":"autor-wsj","embeddable":true,"href":"https:\/\/investnews.com.br\/inv-api\/wp\/v2\/autor-wsj?post=558437"},{"taxonomy":"author","embeddable":true,"href":"https:\/\/investnews.com.br\/inv-api\/wp\/v2\/coauthors?post=558437"}],"curies":[{"name":"wp","href":"https:\/\/api.w.org\/{rel}","templated":true}]}}