{"id":558527,"date":"2024-02-22T17:23:00","date_gmt":"2024-02-22T20:23:00","guid":{"rendered":"https:\/\/investnews.com.br\/?p=558527"},"modified":"2024-02-22T19:27:58","modified_gmt":"2024-02-22T22:27:58","slug":"balancos-dos-supermercados-melhoram-no-4o-tri-com-renda-e-consumo-em-alta","status":"publish","type":"post","link":"https:\/\/investnews.com.br\/negocios\/balancos-dos-supermercados-melhoram-no-4o-tri-com-renda-e-consumo-em-alta\/","title":{"rendered":"Balan\u00e7os dos supermercados melhoram no 4\u00ba tri com renda e consumo\u00a0em alta"},"content":{"rendered":"\n<p>A retomada dos <strong>supermercados e atacarejo<\/strong> j\u00e1 come\u00e7ou. O setor surpreendeu no quarto trimestre de 2023: <strong>Carrefour Brasil<\/strong> (<a href=\"https:\/\/investnews.com.br\/cotacao\/crfb3-carrefour\/\">CRFB3<\/a>), <strong>Assa\u00ed<\/strong> (<a href=\"https:\/\/investnews.com.br\/cotacao\/asai3-assai\">ASAI3<\/a>) e <strong>Grupo P\u00e3o de A\u00e7\u00facar<\/strong> (<a href=\"https:\/\/investnews.com.br\/cotacao\/pcar3-cia-brasileira-de-distribuicao\">PCAR3<\/a>) finalmente conseguiram deixar para tr\u00e1s os impactos causados pela <strong>pandemia <\/strong>e agora se preparam para um novo cen\u00e1rio, de melhora na <strong>renda<\/strong> e <strong>juros mais baixos<\/strong>.<\/p>\n\n\n\n<p>Vale lembrar que, inicialmente, o salto da infla\u00e7\u00e3o de alimentos ainda durante o per\u00edodo de cont\u00e1gio do coronav\u00edrus combinado com a <strong>guerra na Ucr\u00e2nia<\/strong> impulsionou a receita das empresas do setor. Depois, o aumento no endividamento das fam\u00edlias comprometeu a renda da popula\u00e7\u00e3o, limitando o consumo de itens da cesta b\u00e1sica.<\/p>\n\n\n\n<figure class=\"wp-block-image size-full\"><img loading=\"lazy\" decoding=\"async\" width=\"2048\" height=\"1206\" src=\"https:\/\/media.investnews.com.br\/uploads\/2022\/06\/2022-06-07T122504Z_1_LYNXMPEI560GN_RTROPTP_4_CARREFOUR-BRASIL-MEETING.jpg\" alt=\"carrefour\" class=\"wp-image-334073\" srcset=\"https:\/\/media.investnews.com.br\/uploads\/2022\/06\/2022-06-07T122504Z_1_LYNXMPEI560GN_RTROPTP_4_CARREFOUR-BRASIL-MEETING.jpg 2048w, https:\/\/media.investnews.com.br\/uploads\/2022\/06\/2022-06-07T122504Z_1_LYNXMPEI560GN_RTROPTP_4_CARREFOUR-BRASIL-MEETING-300x177.jpg 300w, https:\/\/media.investnews.com.br\/uploads\/2022\/06\/2022-06-07T122504Z_1_LYNXMPEI560GN_RTROPTP_4_CARREFOUR-BRASIL-MEETING-1024x603.jpg 1024w, https:\/\/media.investnews.com.br\/uploads\/2022\/06\/2022-06-07T122504Z_1_LYNXMPEI560GN_RTROPTP_4_CARREFOUR-BRASIL-MEETING-768x452.jpg 768w, https:\/\/media.investnews.com.br\/uploads\/2022\/06\/2022-06-07T122504Z_1_LYNXMPEI560GN_RTROPTP_4_CARREFOUR-BRASIL-MEETING-1536x905.jpg 1536w, https:\/\/media.investnews.com.br\/uploads\/2022\/06\/2022-06-07T122504Z_1_LYNXMPEI560GN_RTROPTP_4_CARREFOUR-BRASIL-MEETING-1256x740.jpg 1256w, https:\/\/media.investnews.com.br\/uploads\/2022\/06\/2022-06-07T122504Z_1_LYNXMPEI560GN_RTROPTP_4_CARREFOUR-BRASIL-MEETING-172x101.jpg 172w, https:\/\/media.investnews.com.br\/uploads\/2022\/06\/2022-06-07T122504Z_1_LYNXMPEI560GN_RTROPTP_4_CARREFOUR-BRASIL-MEETING-150x88.jpg 150w\" sizes=\"auto, (max-width: 2048px) 100vw, 2048px\" \/><figcaption class=\"wp-element-caption\">Carrefour REUTERS\/Paulo Whitaker<\/figcaption><\/figure>\n\n\n\n<p>Esse efeito foi visto em todo o setor alimentar. Tanto que <strong>Carrefour<\/strong> e <strong>Assa\u00ed<\/strong> iniciaram 2023 no vermelho. Enquanto a opera\u00e7\u00e3o nacional da rede francesa teve o primeiro resultado negativo desde 2016 entre janeiro e mar\u00e7o do ano passado, o atacarejo foi impactado pela <a href=\"https:\/\/investnews.com.br\/guias\/taxa-selic\/\">taxa Selic<\/a> mais elevada no per\u00edodo \u2013 o ciclo de queda teve in\u00edcio apenas em agosto.<\/p>\n\n\n\n<h2 class=\"wp-block-heading\"><strong>Boa safra<\/strong>&nbsp;<\/h2>\n\n\n\n<p>Por\u00e9m, a temporada ao final do ano passado indica um per\u00edodo diferente \u00e0 frente. Apesar da <a href=\"https:\/\/investnews.com.br\/economia\/lucro-do-assai-recua-268-no-4o-tri\/\">queda de quase 30% no lucro l\u00edquido do Assa\u00ed<\/a> no quatro trimestre de 2023 e do <a href=\"https:\/\/investnews.com.br\/negocios\/acao-do-carrefour-chega-a-subir-quase-10-apos-balanco-mas-otimismo-nao-e-unanime\/\">novo preju\u00edzo do Carrefour Brasil<\/a>, amargando perdas de R$ 565 milh\u00f5es entre outubro e dezembro, a colheita dos pr\u00f3ximos resultados tende a ser mais favor\u00e1vel.<\/p>\n\n\n\n<p>Em especial, para o <strong>GPA<\/strong>. \u201cSem sombra de d\u00favidas, a companhia consolidou o resultado mais forte do setor no quarto trimestre de 2023\u201d, afirma o time de analistas de varejo da Genial Investimentos. Al\u00e9m da evolu\u00e7\u00e3o em todas as linhas do balan\u00e7o, o <a href=\"https:\/\/investnews.com.br\/economia\/gpa-tem-prejuizo-de-r-303-mi-no-4o-tri\/\">preju\u00edzo de R$ 303 milh\u00f5es<\/a> ficou cerca de 50% abaixo do esperado.&nbsp;<\/p>\n\n\n\n<blockquote class=\"wp-block-quote is-layout-flow wp-block-quote-is-layout-flow\">\n<p>\u201cO GPA deixou para tr\u00e1s a hist\u00f3ria do \u2018patinho feio\u2019 e assumiu a posi\u00e7\u00e3o de cisnes negro, ganhando destaque em meio a tantos outros \u2018cisnes brancos\u2019\u201d<\/p>\n<cite>Iago Souza, Ninia Mirazon e Vin\u00edcius Esteves, da Genial Investimentos, em relat\u00f3rio<\/cite><\/blockquote>\n\n\n\n<p><\/p>\n\n\n\n<p>De modo geral, houve um crescimento do <em>top line<\/em> nos balan\u00e7os de duas das tr\u00eas principais empresas do setor, avalia o analista Lucas Rietjens, da Guide Investimentos. A exce\u00e7\u00e3o ficou com o Carrefour. Para ele, apesar dos n\u00fameros ainda fracos do trio, houve melhora das margens e recupera\u00e7\u00e3o da <a href=\"https:\/\/investnews.com.br\/guias\/rentabilidade\/\">rentabilidade<\/a>, mesmo com a <a href=\"https:\/\/investnews.com.br\/guias\/deflacao\/\">defla\u00e7\u00e3o<\/a> alimentar.<\/p>\n\n\n\n<h2 class=\"wp-block-heading\"><strong>Cen\u00e1rio positivo<\/strong>&nbsp;<\/h2>\n\n\n\n<p>No entanto, a expectativa \u00e9 de gera\u00e7\u00e3o de caixa saud\u00e1vel em 2024. Esse cen\u00e1rio pode ser desenhado a partir dos dados mais recentes do Instituto Brasileiro de Geografia e Estat\u00edsticas (IBGE), da ata da reuni\u00e3o de janeiro do Comit\u00ea de Pol\u00edtica Monet\u00e1ria (Copom), juntamente com os balan\u00e7os financeiros das tr\u00eas maiores empresas varejistas do segmento.<\/p>\n\n\n\n<figure class=\"wp-block-image size-full\"><img loading=\"lazy\" decoding=\"async\" width=\"820\" height=\"540\" src=\"https:\/\/media.investnews.com.br\/uploads\/2022\/08\/PA_01.jpg\" alt=\"P\u00e3o de A\u00e7\u00facar\" class=\"wp-image-358784\" srcset=\"https:\/\/media.investnews.com.br\/uploads\/2022\/08\/PA_01.jpg 820w, https:\/\/media.investnews.com.br\/uploads\/2022\/08\/PA_01-300x198.jpg 300w, https:\/\/media.investnews.com.br\/uploads\/2022\/08\/PA_01-768x506.jpg 768w, https:\/\/media.investnews.com.br\/uploads\/2022\/08\/PA_01-172x113.jpg 172w, https:\/\/media.investnews.com.br\/uploads\/2022\/08\/PA_01-191x125.jpg 191w, https:\/\/media.investnews.com.br\/uploads\/2022\/08\/PA_01-150x99.jpg 150w\" sizes=\"auto, (max-width: 820px) 100vw, 820px\" \/><figcaption class=\"wp-element-caption\">Cr\u00e9dito: Adobe Stock<\/figcaption><\/figure>\n\n\n\n<p>Conforme an\u00e1lises do economista Andr\u00e9 Perfeito, o n\u00edvel recorde da massa salarial real, de R$ 301,6 bilh\u00f5es, combinado com a queda na taxa de desocupa\u00e7\u00e3o (Pnad) para 7,1%, mostra que \u201ca quantidade de dinheiro na mesa\u201d da economia est\u00e1 em um bom patamar. Isso se traduz em menos produtos nas prateleiras dos supermercados, por\u00e9m sem ac\u00famulo inflacion\u00e1rio.&nbsp;<\/p>\n\n\n\n<blockquote class=\"wp-block-quote is-layout-flow wp-block-quote-is-layout-flow\">\n<p>\u201cSe de um lado a massa salarial real bateu recorde isso acontece porque h\u00e1 mais pessoas trabalhando; de outro, o rendimento m\u00e9dio real ficou est\u00e1vel, o que sugere que as press\u00f5es salariais est\u00e3o sob controle\u201d<\/p>\n<cite>Andr\u00e9 Perfeito, economista&nbsp;<\/cite><\/blockquote>\n\n\n\n<p><\/p>\n\n\n\n<p>O economista lembra que o Copom olha com aten\u00e7\u00e3o para a din\u00e2mica do mercado de trabalho e seus desdobramentos na infla\u00e7\u00e3o de <strong>servi\u00e7os<\/strong>. \u201cN\u00e3o vejo os pre\u00e7os dos servi\u00e7os \u2018saindo do lugar\u2019, mas uma piora nessa din\u00e2mica pode acender o sinal amarelo na Faria Lima\u201d, afirmou Perfeito, em coment\u00e1rio recente.<\/p>\n\n\n\n<p>Por\u00e9m, nada disso deve alterar o plano de voo do Banco Central, de seguir cortando a taxa b\u00e1sica de juros nas pr\u00f3ximas reuni\u00f5es, derrubando a Selic para apenas um d\u00edgito. No entanto, Perfeito alerta que o mercado pode ajustar o n\u00edvel terminal do juro b\u00e1sico brasileiro para cima, caso o <strong>Federal Reserve<\/strong> n\u00e3o corte tanto os juros dos Estados Unidos em 2024.<\/p>\n\n\n\n<p>Ainda assim, a combina\u00e7\u00e3o de condi\u00e7\u00f5es macroecon\u00f4micas melhores somada \u00e0 continuidade do processo de matura\u00e7\u00e3o do projeto de expans\u00e3o devem favorecer o setor. \u201cNo futuro, haver\u00e1 melhora nas tend\u00eancias descendentes, com recupera\u00e7\u00e3o da infla\u00e7\u00e3o alimentar e um ambiente competitivo menos agressivo\u201d, conclui o Ita\u00fa BBA, em relat\u00f3rio.<\/p>\n","protected":false},"excerpt":{"rendered":"<p>Carrefour, Assa\u00ed e GPA deixam endividamento do consumidor para tr\u00e1s e se preparam para melhora do cen\u00e1rio.<\/p>\n","protected":false},"author":108,"featured_media":102136,"comment_status":"closed","ping_status":"open","sticky":false,"template":"","format":"standard","meta":{"_acf_changed":false,"inline_featured_image":false,"footnotes":""},"categories":[6],"tags":[2066,660,195,897,376],"autor-wsj":[],"coauthors":[102429],"class_list":["post-558527","post","type-post","status-publish","format-standard","has-post-thumbnail","hentry","category-negocios","tag-assai","tag-carrefour","tag-grupo-pao-de-acucar","tag-supermercados","tag-varejo"],"acf":[],"amp_enabled":true,"_links":{"self":[{"href":"https:\/\/investnews.com.br\/inv-api\/wp\/v2\/posts\/558527","targetHints":{"allow":["GET"]}}],"collection":[{"href":"https:\/\/investnews.com.br\/inv-api\/wp\/v2\/posts"}],"about":[{"href":"https:\/\/investnews.com.br\/inv-api\/wp\/v2\/types\/post"}],"author":[{"embeddable":true,"href":"https:\/\/investnews.com.br\/inv-api\/wp\/v2\/users\/108"}],"replies":[{"embeddable":true,"href":"https:\/\/investnews.com.br\/inv-api\/wp\/v2\/comments?post=558527"}],"version-history":[{"count":6,"href":"https:\/\/investnews.com.br\/inv-api\/wp\/v2\/posts\/558527\/revisions"}],"predecessor-version":[{"id":558590,"href":"https:\/\/investnews.com.br\/inv-api\/wp\/v2\/posts\/558527\/revisions\/558590"}],"wp:featuredmedia":[{"embeddable":true,"href":"https:\/\/investnews.com.br\/inv-api\/wp\/v2\/media\/102136"}],"wp:attachment":[{"href":"https:\/\/investnews.com.br\/inv-api\/wp\/v2\/media?parent=558527"}],"wp:term":[{"taxonomy":"category","embeddable":true,"href":"https:\/\/investnews.com.br\/inv-api\/wp\/v2\/categories?post=558527"},{"taxonomy":"post_tag","embeddable":true,"href":"https:\/\/investnews.com.br\/inv-api\/wp\/v2\/tags?post=558527"},{"taxonomy":"autor-wsj","embeddable":true,"href":"https:\/\/investnews.com.br\/inv-api\/wp\/v2\/autor-wsj?post=558527"},{"taxonomy":"author","embeddable":true,"href":"https:\/\/investnews.com.br\/inv-api\/wp\/v2\/coauthors?post=558527"}],"curies":[{"name":"wp","href":"https:\/\/api.w.org\/{rel}","templated":true}]}}