{"id":558726,"date":"2024-02-23T16:01:01","date_gmt":"2024-02-23T19:01:01","guid":{"rendered":"https:\/\/investnews.com.br\/?p=558726"},"modified":"2024-02-23T16:01:04","modified_gmt":"2024-02-23T19:01:04","slug":"vale-nao-ve-indicios-de-problemas-em-minas-com-licencas-suspensas-no-para","status":"publish","type":"post","link":"https:\/\/investnews.com.br\/economia\/vale-nao-ve-indicios-de-problemas-em-minas-com-licencas-suspensas-no-para\/","title":{"rendered":"Vale n\u00e3o v\u00ea ind\u00edcios de problemas em minas com licen\u00e7as suspensas no Par\u00e1"},"content":{"rendered":"<p>S\u00c3O PAULO (Reuters) &#8211;     A mineradora Vale n\u00e3o v\u00ea ind\u00edcios de qualquer problema ambiental ou social em duas de suas minas no Estado do Par\u00e1 que tiveram suas licen\u00e7as suspensas esta semana, disse o presidente do conselho da Vale Base Metals, Mark Cutifani, nesta sexta-feira.<\/p>\n<p>Falando em uma teleconfer\u00eancia sobre os resultados do quarto trimestre da mineradora, o executivo disse que as suspens\u00f5es podem ter ocorrido devido a uma quest\u00e3o administrativa, acrescentando que &#8220;se algo estiver errado, ser\u00e1 corrigido&#8221;.<\/p>\n<p>A Secretaria de Meio Ambiente do Par\u00e1 suspendeu as licen\u00e7as para a mina de n\u00edquel On\u00e7a Puma e a de cobre Sossego.<\/p>\n<p>O governo local afirmou que &#8220;a suspens\u00e3o das licen\u00e7as ambientais dos empreendimentos min\u00e9rarios Sossego e On\u00e7a Puma ocorre por conta de inconformidade nos relat\u00f3rios de informa\u00e7\u00e3o ambiental anuais&#8221;. Al\u00e9m disso, citou o &#8220;descumprimento de a\u00e7\u00f5es de mitiga\u00e7\u00e3o de impactos decorrentes das atividades de minera\u00e7\u00e3o, resultando em conflitos com comunidades pr\u00f3ximas \u00e0 \u00e1rea de influ\u00eancia dos empreendimentos&#8221;.<\/p>\n<p>Cutifani disse que o forno em On\u00e7a Puma j\u00e1 havia sido desligado e que uma manuten\u00e7\u00e3o estava programada para Sossego em breve, acrescentando que a Vale &#8220;trabalharia para resolver essas quest\u00f5es de forma r\u00e1pida e adequada com as autoridades&#8221;.<\/p>\n<p>(Reportagem de Peter Frontini, Gabriel Araujo e Marta Nogueira)<\/p>\n","protected":false},"excerpt":{"rendered":"<p>S\u00c3O PAULO (Reuters) &#8211; A mineradora Vale n\u00e3o v\u00ea ind\u00edcios de qualquer problema ambiental ou social em duas de suas minas no Estado do Par\u00e1 que tiveram suas licen\u00e7as suspensas esta semana, disse o presidente do conselho da Vale Base Metals, Mark Cutifani, nesta sexta-feira. Falando em uma teleconfer\u00eancia sobre os resultados do quarto trimestre [&hellip;]<\/p>\n","protected":false},"author":61,"featured_media":0,"comment_status":"closed","ping_status":"open","sticky":false,"template":"","format":"standard","meta":{"_acf_changed":false,"inline_featured_image":false,"footnotes":""},"categories":[5],"tags":[102288],"autor-wsj":[],"coauthors":[2494],"class_list":["post-558726","post","type-post","status-publish","format-standard","hentry","category-economia","tag-reuters"],"acf":[],"amp_enabled":true,"_links":{"self":[{"href":"https:\/\/investnews.com.br\/inv-api\/wp\/v2\/posts\/558726","targetHints":{"allow":["GET"]}}],"collection":[{"href":"https:\/\/investnews.com.br\/inv-api\/wp\/v2\/posts"}],"about":[{"href":"https:\/\/investnews.com.br\/inv-api\/wp\/v2\/types\/post"}],"author":[{"embeddable":true,"href":"https:\/\/investnews.com.br\/inv-api\/wp\/v2\/users\/61"}],"replies":[{"embeddable":true,"href":"https:\/\/investnews.com.br\/inv-api\/wp\/v2\/comments?post=558726"}],"version-history":[{"count":2,"href":"https:\/\/investnews.com.br\/inv-api\/wp\/v2\/posts\/558726\/revisions"}],"predecessor-version":[{"id":558840,"href":"https:\/\/investnews.com.br\/inv-api\/wp\/v2\/posts\/558726\/revisions\/558840"}],"wp:attachment":[{"href":"https:\/\/investnews.com.br\/inv-api\/wp\/v2\/media?parent=558726"}],"wp:term":[{"taxonomy":"category","embeddable":true,"href":"https:\/\/investnews.com.br\/inv-api\/wp\/v2\/categories?post=558726"},{"taxonomy":"post_tag","embeddable":true,"href":"https:\/\/investnews.com.br\/inv-api\/wp\/v2\/tags?post=558726"},{"taxonomy":"autor-wsj","embeddable":true,"href":"https:\/\/investnews.com.br\/inv-api\/wp\/v2\/autor-wsj?post=558726"},{"taxonomy":"author","embeddable":true,"href":"https:\/\/investnews.com.br\/inv-api\/wp\/v2\/coauthors?post=558726"}],"curies":[{"name":"wp","href":"https:\/\/api.w.org\/{rel}","templated":true}]}}