{"id":559372,"date":"2024-02-26T18:41:45","date_gmt":"2024-02-26T21:41:45","guid":{"rendered":"https:\/\/investnews.com.br\/?p=559372"},"modified":"2024-02-26T18:41:47","modified_gmt":"2024-02-26T21:41:47","slug":"acoes-dos-eua-fecham-em-leve-baixa-com-foco-nos-proximos-dados-economicos","status":"publish","type":"post","link":"https:\/\/investnews.com.br\/economia\/acoes-dos-eua-fecham-em-leve-baixa-com-foco-nos-proximos-dados-economicos\/","title":{"rendered":"A\u00e7\u00f5es dos EUA fecham em leve baixa com foco nos pr\u00f3ximos dados econ\u00f4micos"},"content":{"rendered":"<p>Por Chuck Mikolajczak<\/p>\n<p>NOVA YORK (Reuters) &#8211;     As a\u00e7\u00f5es dos Estados Unidos terminaram com perdas modestas nesta segunda-feira, com o foco mudando ap\u00f3s o movimento de alta da semana passada, alimentado pela demanda por pap\u00e9is relacionados \u00e0 <a href=\"https:\/\/investnews.com.br\/guias\/inteligencia-artificial\/\">intelig\u00eancia artificial<\/a>, para os pr\u00f3ximos dados econ\u00f4micos, que podem afetar o momento do esperado corte da taxa de juros do Federal Reserve.<\/p>\n<p>A divulga\u00e7\u00e3o do \u00edndice PCE de janeiro &#8212; o indicador de infla\u00e7\u00e3o preferencial do Fed &#8212; na quinta-feira pode diminuir o entusiasmo recente, caso os dados indiquem que as press\u00f5es sobre os pre\u00e7os n\u00e3o est\u00e3o arrefecendo com rapidez suficiente.<\/p>\n<p>De acordo com dados preliminares, o S&amp;P 500 perdeu 0,39%, para 5.069,42 pontos. O \u00edndice de tecnologia Nasdaq perdeu 0,13%, para 15.976,25 pontos. O Dow Jones caiu 0,16%, para 39.063,55 pontos.<\/p>\n","protected":false},"excerpt":{"rendered":"<p>Por Chuck Mikolajczak NOVA YORK (Reuters) &#8211; As a\u00e7\u00f5es dos Estados Unidos terminaram com perdas modestas nesta segunda-feira, com o foco mudando ap\u00f3s o movimento de alta da semana passada, alimentado pela demanda por pap\u00e9is relacionados \u00e0 intelig\u00eancia artificial, para os pr\u00f3ximos dados econ\u00f4micos, que podem afetar o momento do esperado corte da taxa de [&hellip;]<\/p>\n","protected":false},"author":61,"featured_media":0,"comment_status":"closed","ping_status":"open","sticky":false,"template":"","format":"standard","meta":{"_acf_changed":false,"inline_featured_image":false,"footnotes":""},"categories":[5],"tags":[102288],"autor-wsj":[],"coauthors":[2494],"class_list":["post-559372","post","type-post","status-publish","format-standard","hentry","category-economia","tag-reuters"],"acf":[],"amp_enabled":true,"_links":{"self":[{"href":"https:\/\/investnews.com.br\/inv-api\/wp\/v2\/posts\/559372","targetHints":{"allow":["GET"]}}],"collection":[{"href":"https:\/\/investnews.com.br\/inv-api\/wp\/v2\/posts"}],"about":[{"href":"https:\/\/investnews.com.br\/inv-api\/wp\/v2\/types\/post"}],"author":[{"embeddable":true,"href":"https:\/\/investnews.com.br\/inv-api\/wp\/v2\/users\/61"}],"replies":[{"embeddable":true,"href":"https:\/\/investnews.com.br\/inv-api\/wp\/v2\/comments?post=559372"}],"version-history":[{"count":2,"href":"https:\/\/investnews.com.br\/inv-api\/wp\/v2\/posts\/559372\/revisions"}],"predecessor-version":[{"id":559387,"href":"https:\/\/investnews.com.br\/inv-api\/wp\/v2\/posts\/559372\/revisions\/559387"}],"wp:attachment":[{"href":"https:\/\/investnews.com.br\/inv-api\/wp\/v2\/media?parent=559372"}],"wp:term":[{"taxonomy":"category","embeddable":true,"href":"https:\/\/investnews.com.br\/inv-api\/wp\/v2\/categories?post=559372"},{"taxonomy":"post_tag","embeddable":true,"href":"https:\/\/investnews.com.br\/inv-api\/wp\/v2\/tags?post=559372"},{"taxonomy":"autor-wsj","embeddable":true,"href":"https:\/\/investnews.com.br\/inv-api\/wp\/v2\/autor-wsj?post=559372"},{"taxonomy":"author","embeddable":true,"href":"https:\/\/investnews.com.br\/inv-api\/wp\/v2\/coauthors?post=559372"}],"curies":[{"name":"wp","href":"https:\/\/api.w.org\/{rel}","templated":true}]}}