{"id":559376,"date":"2024-02-26T18:42:29","date_gmt":"2024-02-26T21:42:29","guid":{"rendered":"https:\/\/investnews.com.br\/?p=559376"},"modified":"2024-02-26T18:42:31","modified_gmt":"2024-02-26T21:42:31","slug":"apple-entra-com-acao-para-obter-marcas-registradas-de-software-de-realidade-aumentada","status":"publish","type":"post","link":"https:\/\/investnews.com.br\/economia\/apple-entra-com-acao-para-obter-marcas-registradas-de-software-de-realidade-aumentada\/","title":{"rendered":"Apple entra com a\u00e7\u00e3o para obter marcas registradas de software de realidade aumentada"},"content":{"rendered":"<p>Por Blake Brittain<\/p>\n<p>(Reuters) &#8211;     A <a href=\"https:\/\/investnews.com.br\/negocios\/historia-da-apple\/\">Apple<\/a> entrou com uma a\u00e7\u00e3o no tribunal federal da Virg\u00ednia contestando a recusa da Ag\u00eancia de Patentes e Marcas Registradas dos Estados Unidos em conceder marcas registradas que abrangem as ferramentas de desenvolvimento de software de realidade aumentada da empresa, a &#8220;Reality Composer&#8221; e &#8220;Reality Converter&#8221;.<\/p>\n<p>A Apple, cuja tecnologia de realidade aumentada \u00e9 uma pe\u00e7a central de seu rec\u00e9m-lan\u00e7ado aparelho Vision Pro, pediu ao tribunal na sexta-feira que revertesse a decis\u00e3o do \u00f3rg\u00e3o&nbsp;de que as frases n\u00e3o eram distintas o suficiente para receber prote\u00e7\u00e3o federal de marca registrada.<\/p>\n<p>&#8220;Os consumidores precisam exercitar a imagina\u00e7\u00e3o para entender como as frases sem sentido &#8216;compositor de realidade&#8217; e &#8216;conversor de realidade&#8217; &#8212; que soam como impossibilidades de fic\u00e7\u00e3o cient\u00edfica &#8212; se relacionam com os produtos da Apple&#8221;, dizia a den\u00fancia. &#8220;Elas s\u00e3o sugestivas, assim como o Burger King \u00e9 uma cadeia de fast-food, n\u00e3o um monarca de verdade.&#8221;<\/p>\n<p>Representantes da Apple e da ag\u00eancia n\u00e3o quiseram comentar a a\u00e7\u00e3o judicial.<\/p>\n<p>O Reality Composer e o Reality Converter da Apple permitem que os desenvolvedores criem e alterem o conte\u00fado de realidade aumentada 3-D para aplicativos da Apple. O conte\u00fado \u00e9 compat\u00edvel com os dispositivos da Apple, incluindo o aparelho de realidade mista Vision Pro, que a gigante da tecnologia come\u00e7ou a vender neste m\u00eas.<\/p>\n<p>A empresa turca de efeitos visuais Zero Density contestou os pedidos de marcas registradas da Apple no \u00f3rg\u00e3o, com o argumento de que as frases n\u00e3o poderiam receber marcas registradas federais porque apenas descrevem o que o software faz. A Zero Density tamb\u00e9m afirmou que as marcas registradas da Apple causariam confus\u00e3o com suas pr\u00f3prias marcas relacionadas a &#8220;Reality&#8221;.<\/p>\n<p>Um tribunal da ag\u00eancia concordou com a Zero Density de que as marcas da Apple eram descritivas, sem abordar se elas confundiriam os consumidores. A Apple disse na reclama\u00e7\u00e3o de sexta-feira que suas frases eram &#8220;termos inventados pela Apple que n\u00e3o descrevem as ferramentas de desenvolvimento de software subjacentes&#8221;.<\/p>\n<p>A Apple argumentou que suas marcas n\u00e3o causariam confus\u00e3o no consumidor e acusou a Zero Density de tentar &#8220;reivindicar amplos direitos sobre a palavra &#8216;realidade&#8217;, que nenhuma entidade pode monopolizar&#8221;.<\/p>\n","protected":false},"excerpt":{"rendered":"<p>Por Blake Brittain (Reuters) &#8211; A Apple entrou com uma a\u00e7\u00e3o no tribunal federal da Virg\u00ednia contestando a recusa da Ag\u00eancia de Patentes e Marcas Registradas dos Estados Unidos em conceder marcas registradas que abrangem as ferramentas de desenvolvimento de software de realidade aumentada da empresa, a &#8220;Reality Composer&#8221; e &#8220;Reality Converter&#8221;. A Apple, cuja [&hellip;]<\/p>\n","protected":false},"author":61,"featured_media":0,"comment_status":"closed","ping_status":"open","sticky":false,"template":"","format":"standard","meta":{"_acf_changed":false,"inline_featured_image":false,"footnotes":""},"categories":[5],"tags":[102288],"autor-wsj":[],"coauthors":[2494],"class_list":["post-559376","post","type-post","status-publish","format-standard","hentry","category-economia","tag-reuters"],"acf":[],"amp_enabled":true,"_links":{"self":[{"href":"https:\/\/investnews.com.br\/inv-api\/wp\/v2\/posts\/559376","targetHints":{"allow":["GET"]}}],"collection":[{"href":"https:\/\/investnews.com.br\/inv-api\/wp\/v2\/posts"}],"about":[{"href":"https:\/\/investnews.com.br\/inv-api\/wp\/v2\/types\/post"}],"author":[{"embeddable":true,"href":"https:\/\/investnews.com.br\/inv-api\/wp\/v2\/users\/61"}],"replies":[{"embeddable":true,"href":"https:\/\/investnews.com.br\/inv-api\/wp\/v2\/comments?post=559376"}],"version-history":[{"count":2,"href":"https:\/\/investnews.com.br\/inv-api\/wp\/v2\/posts\/559376\/revisions"}],"predecessor-version":[{"id":559391,"href":"https:\/\/investnews.com.br\/inv-api\/wp\/v2\/posts\/559376\/revisions\/559391"}],"wp:attachment":[{"href":"https:\/\/investnews.com.br\/inv-api\/wp\/v2\/media?parent=559376"}],"wp:term":[{"taxonomy":"category","embeddable":true,"href":"https:\/\/investnews.com.br\/inv-api\/wp\/v2\/categories?post=559376"},{"taxonomy":"post_tag","embeddable":true,"href":"https:\/\/investnews.com.br\/inv-api\/wp\/v2\/tags?post=559376"},{"taxonomy":"autor-wsj","embeddable":true,"href":"https:\/\/investnews.com.br\/inv-api\/wp\/v2\/autor-wsj?post=559376"},{"taxonomy":"author","embeddable":true,"href":"https:\/\/investnews.com.br\/inv-api\/wp\/v2\/coauthors?post=559376"}],"curies":[{"name":"wp","href":"https:\/\/api.w.org\/{rel}","templated":true}]}}