{"id":559463,"date":"2024-02-27T10:34:21","date_gmt":"2024-02-27T13:34:21","guid":{"rendered":"https:\/\/investnews.com.br\/?p=559463"},"modified":"2024-02-27T10:34:24","modified_gmt":"2024-02-27T13:34:24","slug":"lideres-de-financas-do-g20-alertam-para-desafio-global-dos-conflitos-regionais","status":"publish","type":"post","link":"https:\/\/investnews.com.br\/economia\/lideres-de-financas-do-g20-alertam-para-desafio-global-dos-conflitos-regionais\/","title":{"rendered":"L\u00edderes de finan\u00e7as do G20 alertam para desafio global dos conflitos regionais"},"content":{"rendered":"<p>S\u00c3O PAULO (Reuters) &#8211;     Os l\u00edderes de finan\u00e7as do G20 devem dizer que a economia global continua enfrentando v\u00e1rios desafios, incluindo &#8220;conflitos em muitas regi\u00f5es&#8221; e tens\u00f5es geoecon\u00f4micas, de acordo com uma vers\u00e3o preliminar do comunicado vista pela Reuters.<\/p>\n<p>A vers\u00e3o preliminar do comunicado tamb\u00e9m afirma que a  probabilidade de um pouso suave na economia global tem aumentado, mas a incerteza continua alta.<\/p>\n<p>&#8220;Os riscos para as perspectivas econ\u00f4micas globais est\u00e3o mais equilibrados&#8221;, com uma desinfla\u00e7\u00e3o mais r\u00e1pida do que o esperado e uma consolida\u00e7\u00e3o fiscal mais favor\u00e1vel sustentando o crescimento, afirma o documento.<\/p>\n<p>&#8220;Entre os riscos negativos para a economia global est\u00e3o (guerras e) a escalada de conflitos, a fragmenta\u00e7\u00e3o geoecon\u00f4mica, o aumento do protecionismo e as perturba\u00e7\u00f5es nas rotas comerciais&#8221;, mostra o esbo\u00e7o.<\/p>\n<p>O fato de as palavras &#8220;guerras e&#8221; estarem entre par\u00eanteses sugere que ainda n\u00e3o houve consenso dentro do grupo sobre a inclus\u00e3o da linguagem na vers\u00e3o final.<\/p>\n<p>Com os pa\u00edses profundamente divididos sobre a ofensiva de Israel na Faixa de Gaza, as autoridades financeiras do G20 devem deixar de lado a geopol\u00edtica e se concentrar nas quest\u00f5es econ\u00f4micas globais, quando se reunirem em S\u00e3o Paulo nesta semana.<\/p>\n<p>O Brasil \u00e9 o atual presidente do G20.<\/p>\n<p>A coordenadora brasileira da trilha de finan\u00e7as do G20, Tatiana Rosito, disse nesta ter\u00e7a-feira que o grupo est\u00e1 a caminho de um &#8220;comunicado curto que reflita as prioridades brasileiras&#8221;.<\/p>\n<p>Rosito, secret\u00e1ria de Assuntos Internacionais do Minist\u00e9rio da Fazenda, tamb\u00e9m disse em um briefing que n\u00e3o havia nenhuma proposta concreta sobre a mesa para a negocia\u00e7\u00e3o de d\u00edvidas, acrescentando que a ideia \u00e9 criar um novo &#8220;momento&#8221; para avan\u00e7ar na quest\u00e3o, incluindo tamb\u00e9m a discuss\u00e3o de mecanismos preventivos.<\/p>\n<p>As autoridades financeiras e os chefes de bancos centrais do G20 est\u00e3o se reunindo para analisar os desenvolvimentos econ\u00f4micos globais em um momento de desacelera\u00e7\u00e3o do crescimento, tens\u00f5es crescentes por d\u00edvidas recordes e preocupa\u00e7\u00f5es de que a infla\u00e7\u00e3o possa ainda n\u00e3o estar controlada.<\/p>\n<p>No esbo\u00e7o do comunicado, os l\u00edderes financeiros do G20 apresentaram uma vis\u00e3o otimista sobre as perspectivas para os pre\u00e7os. A infla\u00e7\u00e3o diminuiu na maioria das economias, disseram, gra\u00e7as em parte a pol\u00edticas monet\u00e1rias &#8220;apropriadas&#8221;, \u00e0 redu\u00e7\u00e3o dos gargalos na cadeia de suprimento e \u00e0 modera\u00e7\u00e3o dos pre\u00e7os das <a href=\"https:\/\/investnews.com.br\/guias\/commodities-o-que-sao\/\">commodities<\/a>.<\/p>\n<p>A prioridade para os bancos centrais ainda \u00e9 garantir que a infla\u00e7\u00e3o convirja para a meta &#8220;em linha com os seus respectivos mandatos&#8221;, afirma o documento.<\/p>\n<p>O esbo\u00e7o tamb\u00e9m afirma que o G20 reafirma seu compromisso com a taxa de c\u00e2mbio, que alerta contra a <a href=\"https:\/\/investnews.com.br\/guias\/volatilidade-o-que-e\/\">volatilidade<\/a> excessiva e os movimentos cambiais vol\u00e1teis como indesej\u00e1veis para o crescimento econ\u00f4mico.<\/p>\n<p>(Por equipe de reportagem para o G20)<\/p>\n","protected":false},"excerpt":{"rendered":"<p>S\u00c3O PAULO (Reuters) &#8211; Os l\u00edderes de finan\u00e7as do G20 devem dizer que a economia global continua enfrentando v\u00e1rios desafios, incluindo &#8220;conflitos em muitas regi\u00f5es&#8221; e tens\u00f5es geoecon\u00f4micas, de acordo com uma vers\u00e3o preliminar do comunicado vista pela Reuters. A vers\u00e3o preliminar do comunicado tamb\u00e9m afirma que a probabilidade de um pouso suave na economia [&hellip;]<\/p>\n","protected":false},"author":61,"featured_media":0,"comment_status":"closed","ping_status":"open","sticky":false,"template":"","format":"standard","meta":{"_acf_changed":false,"inline_featured_image":false,"footnotes":""},"categories":[5],"tags":[102288],"autor-wsj":[],"coauthors":[2494],"class_list":["post-559463","post","type-post","status-publish","format-standard","hentry","category-economia","tag-reuters"],"acf":[],"amp_enabled":true,"_links":{"self":[{"href":"https:\/\/investnews.com.br\/inv-api\/wp\/v2\/posts\/559463","targetHints":{"allow":["GET"]}}],"collection":[{"href":"https:\/\/investnews.com.br\/inv-api\/wp\/v2\/posts"}],"about":[{"href":"https:\/\/investnews.com.br\/inv-api\/wp\/v2\/types\/post"}],"author":[{"embeddable":true,"href":"https:\/\/investnews.com.br\/inv-api\/wp\/v2\/users\/61"}],"replies":[{"embeddable":true,"href":"https:\/\/investnews.com.br\/inv-api\/wp\/v2\/comments?post=559463"}],"version-history":[{"count":2,"href":"https:\/\/investnews.com.br\/inv-api\/wp\/v2\/posts\/559463\/revisions"}],"predecessor-version":[{"id":559469,"href":"https:\/\/investnews.com.br\/inv-api\/wp\/v2\/posts\/559463\/revisions\/559469"}],"wp:attachment":[{"href":"https:\/\/investnews.com.br\/inv-api\/wp\/v2\/media?parent=559463"}],"wp:term":[{"taxonomy":"category","embeddable":true,"href":"https:\/\/investnews.com.br\/inv-api\/wp\/v2\/categories?post=559463"},{"taxonomy":"post_tag","embeddable":true,"href":"https:\/\/investnews.com.br\/inv-api\/wp\/v2\/tags?post=559463"},{"taxonomy":"autor-wsj","embeddable":true,"href":"https:\/\/investnews.com.br\/inv-api\/wp\/v2\/autor-wsj?post=559463"},{"taxonomy":"author","embeddable":true,"href":"https:\/\/investnews.com.br\/inv-api\/wp\/v2\/coauthors?post=559463"}],"curies":[{"name":"wp","href":"https:\/\/api.w.org\/{rel}","templated":true}]}}