{"id":559643,"date":"2024-02-28T09:59:05","date_gmt":"2024-02-28T12:59:05","guid":{"rendered":"https:\/\/investnews.com.br\/?p=559643"},"modified":"2024-02-28T09:59:08","modified_gmt":"2024-02-28T12:59:08","slug":"brasil-deve-acionar-mais-termeletricas-com-piora-do-cenario-de-chuvas-em-hidreletricas","status":"publish","type":"post","link":"https:\/\/investnews.com.br\/economia\/brasil-deve-acionar-mais-termeletricas-com-piora-do-cenario-de-chuvas-em-hidreletricas\/","title":{"rendered":"Brasil deve acionar mais termel\u00e9tricas com piora do cen\u00e1rio de chuvas em hidrel\u00e9tricas"},"content":{"rendered":"<p>Por Let\u00edcia Fucuchima e Marta Nogueira<\/p>\n<p>S\u00c3O PAULO\/RIO DE JANEIRO (Reuters) &#8211;     O Brasil voltar\u00e1 a demandar o acionamento de usinas termel\u00e9tricas mais caras com mais frequ\u00eancia ao longo deste ano, apontaram geradores e especialistas \u00e0 Reuters, citando a perspectiva menos favor\u00e1vel que se desenha para as chuvas que devem cair em reservat\u00f3rios de hidrel\u00e9tricas, que respondem por mais de 60% da gera\u00e7\u00e3o de eletricidade do pa\u00eds.<\/p>\n<p>Caso o cen\u00e1rio seja confirmado nos pr\u00f3ximos meses, a expectativa \u00e9 de um aumento na demanda por g\u00e1s natural, especialmente de GNL (liquefeito) importado para alimentar as t\u00e9rmicas.<\/p>\n<p>A situa\u00e7\u00e3o, contudo, est\u00e1 longe de indicar no momento uma crise h\u00eddrica como a vista em 2021 que resultou em forte acionamento das termel\u00e9tricas e alta de custos para toda a cadeia, ressaltaram os agentes. Por enquanto, eles avaliam com que o despacho das t\u00e9rmicas deve ocorrer principalmente para garantir a demanda por energia nos hor\u00e1rios de ponta, a princ\u00edpio limitando impactos.<\/p>\n<p>&#8220;Apesar de o sistema (hidrel\u00e9trico) ter terminado o ano com o n\u00edvel de reservat\u00f3rio at\u00e9 alto, j\u00e1 come\u00e7a a acender todas as luzes de alerta no operador, de forma que a gente acredita que este ano o cen\u00e1rio de despacho tende a ser diferente do ano passado, tende a ser at\u00e9 mais intensificado do que o que a gente viu no final de 2023&#8221;, afirmou o diretor de comercializa\u00e7\u00e3o da Eneva, Marcelo Lopes, \u00e0 Reuters.<\/p>\n<p>O Operador Nacional do Sistema El\u00e9trico (ONS) determinou o acionamento de termel\u00e9tricas nos \u00faltimos meses de 2023 em fun\u00e7\u00e3o do aumento significativo da carga, em meio \u00e0s elevadas temperaturas. Foram acionadas usinas mais flex\u00edveis, com tempos de partida e parada mais curtos, para atender a chamada &#8220;ponta de carga&#8221;.<\/p>\n<p>De setembro de 2023 a janeiro deste ano, o despacho termel\u00e9trico atingiu m\u00e9dia de aproximadamente 8.745 megawatts (MW), informou o operador \u00e0 Reuters. N\u00e3o foram fornecidos dados para compara\u00e7\u00e3o com o ano anterior.<\/p>\n<p>Por\u00e9m, as chuvas em hidrel\u00e9tricas t\u00eam decepcionado neste ano, afirmam geradores, e uma proje\u00e7\u00e3o divulgada na semana passada pelo ONS para a aflu\u00eancia at\u00e9 julho, podendo ser a menor em toda s\u00e9rie hist\u00f3rica, ligou o alerta para a possibilidade de maior despacho.<\/p>\n<p>A Eneva, que det\u00e9m o segundo maior parque t\u00e9rmico do Brasil, depois da Petrobras, acredita que haver\u00e1 demanda para o acionamento de sua t\u00e9rmica a g\u00e1s Celse, uma das maiores do pa\u00eds e \u00fanica da companhia a depender de g\u00e1s liquefeito (GNL) importado.<\/p>\n<p>&#8220;Este ano a gente acredita que o segundo semestre tem uma possibilidade de a gente vir a ser acionado (com a Celse), e temos expectativa de tomar algumas cargas (de GNL) para poder fazer frente a essa expectativa de despacho&#8221;, afirmou Lopes.<\/p>\n<p>Para uma fonte ligada ao complexo termel\u00e9trico GNA, um dos maiores do pa\u00eds, situado no porto fluminense de A\u00e7u, o cen\u00e1rio hidrol\u00f3gico n\u00e3o est\u00e1 desfavor\u00e1vel em 2024, mas n\u00e3o permite trabalhar com folga. &#8220;Acredito sim que as t\u00e9rmicas venham a ser despachadas com mais frequ\u00eancia que no ano passado, mais para o segundo semestre&#8221;, disse.<\/p>\n<p>O porto de A\u00e7u conta um terminal de regaseifica\u00e7\u00e3o de GNL para atender ao complexo da GNA, joint venture entre a Prumo Log\u00edstica, bp, Siemens e SPIC Brasil.<\/p>\n<p>Procurada, a GNA disse que a possibilidade de despacho no per\u00edodo seco vai depender das condi\u00e7\u00f5es hidrol\u00f3gicas a serem verificadas nos pr\u00f3ximos meses, lembrando que a unidade termel\u00e9trica foi despachada no final do ano passado.<\/p>\n<p>PENSAR O MODELO<\/p>\n<p>Xisto Vieira, presidente da associa\u00e7\u00e3o de geradoras termel\u00e9tricas (Abraget), avaliou que, se confirmada a possibilidade de vaz\u00f5es muito baixas apontada pelo ONS, o pa\u00eds &#8220;evidentemente necessitar\u00e1 bastante de despachos das t\u00e9rmicas&#8221;.<\/p>\n<p>Marcelo Mendon\u00e7a, diretor t\u00e9cnico-comercial da associa\u00e7\u00e3o das distribuidoras de g\u00e1s (Abeg\u00e1s), afirmou que o cen\u00e1rio volta a mostrar a import\u00e2ncia das t\u00e9rmicas para garantir a seguran\u00e7a do abastecimento el\u00e9trico e a necessidade de se pensar um modelo que d\u00ea maior previsibilidade ao segmento, inclusive para a compra de GNL.<\/p>\n<p>O ONS deve avaliar o n\u00edvel dos reservat\u00f3rios ao final do per\u00edodo \u00famido, em abril ou maio, para decidir se acionar\u00e1 t\u00e9rmicas de forma antecipada, com base nos modelos matem\u00e1ticos ou em uma postura mais conservadora do governo, com aprova\u00e7\u00e3o do Comit\u00ea de Monitoramento do Setor El\u00e9trico (CMSE), disse Celso Dall&#8217;Orto, head de Planejamento e Intelig\u00eancia de Mercado da consultoria PSR.<\/p>\n<p>Para o especialista da PSR, as proje\u00e7\u00f5es de aflu\u00eancias do ONS est\u00e3o &#8220;pessimistas&#8221;, mas por ora o cen\u00e1rio n\u00e3o aponta necessidade de despachos que elevem a bandeira tarif\u00e1ria aos consumidores. A bandeira verde, sem cobran\u00e7as adicionais na conta de luz, tem se mantido desde abril de 2022.<\/p>\n<p>&#8220;Para chegar nos n\u00fameros do ONS, as premissas precisam ser bem pessimistas, uma carga mais elevada, vaz\u00e3o realmente bem baixa, as renov\u00e1veis n\u00e3o performando bem&#8221;, disse Dall&#8217;Orto.<\/p>\n<p>Segundo o ONS, em fevereiro a carga nos hor\u00e1rios de ponta tem exigido mais requisitos de pot\u00eancia do que o verificado desde setembro do ano passado, mas esse atendimento tem sido feito com as hidrel\u00e9tricas.<\/p>\n<p>&#8220;Diferente dos demais per\u00edodos, toda a pot\u00eancia necess\u00e1ria para atendimento a ponta de carga est\u00e1 sendo suprida com gera\u00e7\u00e3o hidr\u00e1ulica, predominantemente das usinas situadas no Norte&#8221;.<\/p>\n<p>Do lado do suprimento de g\u00e1s, a expectativa \u00e9 de um balan\u00e7o confort\u00e1vel para atender a demanda das termel\u00e9tricas, j\u00e1 que a importa\u00e7\u00e3o de GNL tem sido baixa e h\u00e1 outras origens para suprimento de g\u00e1s, como o dom\u00e9stico e a Bol\u00edvia, disse Rivaldo Moreira Neto, presidente da consultoria Gas Energy.<\/p>\n<p>&#8220;A tend\u00eancia do balan\u00e7o brasileiro \u00e9 ficar mais seguro, mais confort\u00e1vel&#8230; Se a gente sair do per\u00edodo \u00famido com conforto de reservat\u00f3rios, a tend\u00eancia \u00e9 de se manter uma importa\u00e7\u00e3o pequena de GNL no horizonte de 12 a 18 meses&#8221;.<\/p>\n<p>(Por Let\u00edcia Fucuchima e Marta Nogueira)<\/p>\n","protected":false},"excerpt":{"rendered":"<p>Por Let\u00edcia Fucuchima e Marta Nogueira S\u00c3O PAULO\/RIO DE JANEIRO (Reuters) &#8211; O Brasil voltar\u00e1 a demandar o acionamento de usinas termel\u00e9tricas mais caras com mais frequ\u00eancia ao longo deste ano, apontaram geradores e especialistas \u00e0 Reuters, citando a perspectiva menos favor\u00e1vel que se desenha para as chuvas que devem cair em reservat\u00f3rios de hidrel\u00e9tricas, [&hellip;]<\/p>\n","protected":false},"author":61,"featured_media":0,"comment_status":"closed","ping_status":"open","sticky":false,"template":"","format":"standard","meta":{"_acf_changed":false,"inline_featured_image":false,"footnotes":""},"categories":[5],"tags":[102288],"autor-wsj":[],"coauthors":[2494],"class_list":["post-559643","post","type-post","status-publish","format-standard","hentry","category-economia","tag-reuters"],"acf":[],"amp_enabled":true,"_links":{"self":[{"href":"https:\/\/investnews.com.br\/inv-api\/wp\/v2\/posts\/559643","targetHints":{"allow":["GET"]}}],"collection":[{"href":"https:\/\/investnews.com.br\/inv-api\/wp\/v2\/posts"}],"about":[{"href":"https:\/\/investnews.com.br\/inv-api\/wp\/v2\/types\/post"}],"author":[{"embeddable":true,"href":"https:\/\/investnews.com.br\/inv-api\/wp\/v2\/users\/61"}],"replies":[{"embeddable":true,"href":"https:\/\/investnews.com.br\/inv-api\/wp\/v2\/comments?post=559643"}],"version-history":[{"count":2,"href":"https:\/\/investnews.com.br\/inv-api\/wp\/v2\/posts\/559643\/revisions"}],"predecessor-version":[{"id":559653,"href":"https:\/\/investnews.com.br\/inv-api\/wp\/v2\/posts\/559643\/revisions\/559653"}],"wp:attachment":[{"href":"https:\/\/investnews.com.br\/inv-api\/wp\/v2\/media?parent=559643"}],"wp:term":[{"taxonomy":"category","embeddable":true,"href":"https:\/\/investnews.com.br\/inv-api\/wp\/v2\/categories?post=559643"},{"taxonomy":"post_tag","embeddable":true,"href":"https:\/\/investnews.com.br\/inv-api\/wp\/v2\/tags?post=559643"},{"taxonomy":"autor-wsj","embeddable":true,"href":"https:\/\/investnews.com.br\/inv-api\/wp\/v2\/autor-wsj?post=559643"},{"taxonomy":"author","embeddable":true,"href":"https:\/\/investnews.com.br\/inv-api\/wp\/v2\/coauthors?post=559643"}],"curies":[{"name":"wp","href":"https:\/\/api.w.org\/{rel}","templated":true}]}}