{"id":559662,"date":"2024-02-28T12:21:40","date_gmt":"2024-02-28T15:21:40","guid":{"rendered":"https:\/\/investnews.com.br\/?p=559662"},"modified":"2024-02-28T12:21:42","modified_gmt":"2024-02-28T15:21:42","slug":"camara-aprova-urgencia-para-pl-sobre-renovacao-de-contratos-de-distribuicao-de-energia","status":"publish","type":"post","link":"https:\/\/investnews.com.br\/economia\/camara-aprova-urgencia-para-pl-sobre-renovacao-de-contratos-de-distribuicao-de-energia\/","title":{"rendered":"C\u00e2mara aprova urg\u00eancia para PL sobre renova\u00e7\u00e3o de contratos de distribui\u00e7\u00e3o de energia"},"content":{"rendered":"<p>S\u00c3O PAULO (Reuters) &#8211;     A C\u00e2mara dos Deputados aprovou na noite de ter\u00e7a-feira um requerimento de urg\u00eancia para um projeto de lei que estipula regras para a renova\u00e7\u00e3o de 20 concess\u00f5es de distribui\u00e7\u00e3o de energia que vencem a partir de 2025, segundo informa\u00e7\u00f5es da Ag\u00eancia C\u00e2mara.<\/p>\n<p>De autoria do deputado Jo\u00e3o Carlos Bacelar (PL-BA), o PL 4831\/23 limita o prazo de renova\u00e7\u00e3o dos contratos para 15 anos, ante os 30 anos que v\u00eam sendo propostos pelo Minist\u00e9rio de Minas e Energia, que \u00e9 o poder concedente.<\/p>\n<p>O texto tamb\u00e9m estabelece limites para a inser\u00e7\u00e3o de gera\u00e7\u00e3o distribu\u00edda de energia na \u00e1rea de atua\u00e7\u00e3o das concession\u00e1rias, retira a remunera\u00e7\u00e3o de custos com perdas n\u00e3o t\u00e9cnicas (furtos de energia) por meio das tarifas, impede o atual repasse do risco hidrol\u00f3gico aos consumidores, entre outros pontos.<\/p>\n<p>N\u00e3o est\u00e1 previsto pagamento de b\u00f4nus pelas empresas para renovar as concess\u00f5es, desde que elas mantenham os descontos tarif\u00e1rios do programa Tarifa Social e investimentos em universaliza\u00e7\u00e3o dos servi\u00e7os.<\/p>\n<p>Com tramita\u00e7\u00e3o em regime de urg\u00eancia, o projeto pode ser apreciado de forma mais c\u00e9lere e direto pelo plen\u00e1rio da C\u00e2mara, sem precisar passar por comiss\u00f5es.<\/p>\n<p>Segundo analistas do banco Safra, a PL ultrapassa os poderes do Legislativo porque interfere no arcabou\u00e7o regulat\u00f3rio do setor el\u00e9trico e em cl\u00e1usulas de contratos de distribui\u00e7\u00e3o vigentes, al\u00e9m de ir contra a recomenda\u00e7\u00e3o do Tribunal de Contas da Uni\u00e3o (TCU) de que o Minist\u00e9rio de Minas e Energia tem compet\u00eancia para decidir sobre os termos da renova\u00e7\u00e3o dos contratos.<\/p>\n<p>A equipe do Safra calcula que a proposta relativa ao risco hidrol\u00f3gico poderia ter um impacto de 5% no <a href=\"https:\/\/investnews.com.br\/guias\/ebitda-o-que-e-como-calcular\/\">Ebitda<\/a> das distribuidoras, enquanto a retirada das perdas nas t\u00e9cnicas das tarifas poderia ter efeito equivalente a at\u00e9 25% do Ebtida, a depender do n\u00edvel de efici\u00eancia das companhias.<\/p>\n<p>A renova\u00e7\u00e3o das concess\u00f5es de distribui\u00e7\u00e3o envolve grandes grupos do setor el\u00e9trico, como Enel, CPFL, Neoenergia, Equatorial e Energisa. Est\u00e1 em jogo a prorroga\u00e7\u00e3o de 20 contratos que vencem a partir de 2025, compreendendo 60% do mercado de distribui\u00e7\u00e3o de energia do pa\u00eds.<\/p>\n<p>O setor aguarda a publica\u00e7\u00e3o, pelo minist\u00e9rio, de um decreto com as diretrizes definitivas para a extens\u00e3o das concess\u00f5es. O governo j\u00e1 perdeu o prazo para se manifestar sobre o primeiro contrato a vencer, da EDP Esp\u00edrito Santo, que deveria ter recebido uma resposta da pasta em meados de janeiro.<\/p>\n<p>(Por Let\u00edcia Fucuchima, com reportagem adicional de Paula Arend Laier)<\/p>\n","protected":false},"excerpt":{"rendered":"<p>S\u00c3O PAULO (Reuters) &#8211; A C\u00e2mara dos Deputados aprovou na noite de ter\u00e7a-feira um requerimento de urg\u00eancia para um projeto de lei que estipula regras para a renova\u00e7\u00e3o de 20 concess\u00f5es de distribui\u00e7\u00e3o de energia que vencem a partir de 2025, segundo informa\u00e7\u00f5es da Ag\u00eancia C\u00e2mara. De autoria do deputado Jo\u00e3o Carlos Bacelar (PL-BA), o [&hellip;]<\/p>\n","protected":false},"author":61,"featured_media":0,"comment_status":"closed","ping_status":"open","sticky":false,"template":"","format":"standard","meta":{"_acf_changed":false,"inline_featured_image":false,"footnotes":""},"categories":[5],"tags":[102288],"autor-wsj":[],"coauthors":[2494],"class_list":["post-559662","post","type-post","status-publish","format-standard","hentry","category-economia","tag-reuters"],"acf":[],"amp_enabled":true,"_links":{"self":[{"href":"https:\/\/investnews.com.br\/inv-api\/wp\/v2\/posts\/559662","targetHints":{"allow":["GET"]}}],"collection":[{"href":"https:\/\/investnews.com.br\/inv-api\/wp\/v2\/posts"}],"about":[{"href":"https:\/\/investnews.com.br\/inv-api\/wp\/v2\/types\/post"}],"author":[{"embeddable":true,"href":"https:\/\/investnews.com.br\/inv-api\/wp\/v2\/users\/61"}],"replies":[{"embeddable":true,"href":"https:\/\/investnews.com.br\/inv-api\/wp\/v2\/comments?post=559662"}],"version-history":[{"count":2,"href":"https:\/\/investnews.com.br\/inv-api\/wp\/v2\/posts\/559662\/revisions"}],"predecessor-version":[{"id":559717,"href":"https:\/\/investnews.com.br\/inv-api\/wp\/v2\/posts\/559662\/revisions\/559717"}],"wp:attachment":[{"href":"https:\/\/investnews.com.br\/inv-api\/wp\/v2\/media?parent=559662"}],"wp:term":[{"taxonomy":"category","embeddable":true,"href":"https:\/\/investnews.com.br\/inv-api\/wp\/v2\/categories?post=559662"},{"taxonomy":"post_tag","embeddable":true,"href":"https:\/\/investnews.com.br\/inv-api\/wp\/v2\/tags?post=559662"},{"taxonomy":"autor-wsj","embeddable":true,"href":"https:\/\/investnews.com.br\/inv-api\/wp\/v2\/autor-wsj?post=559662"},{"taxonomy":"author","embeddable":true,"href":"https:\/\/investnews.com.br\/inv-api\/wp\/v2\/coauthors?post=559662"}],"curies":[{"name":"wp","href":"https:\/\/api.w.org\/{rel}","templated":true}]}}