{"id":559727,"date":"2024-02-28T14:24:44","date_gmt":"2024-02-28T17:24:44","guid":{"rendered":"https:\/\/investnews.com.br\/?p=559727"},"modified":"2024-02-28T14:24:46","modified_gmt":"2024-02-28T17:24:46","slug":"cpi-da-braskem-aprova-convocacao-de-ceo-da-companhia-e-outros-depoentes","status":"publish","type":"post","link":"https:\/\/investnews.com.br\/economia\/cpi-da-braskem-aprova-convocacao-de-ceo-da-companhia-e-outros-depoentes\/","title":{"rendered":"CPI da Braskem aprova convoca\u00e7\u00e3o de CEO da companhia e outros depoentes"},"content":{"rendered":"<p>(Reuters) &#8211;     Integrantes da CPI da Braskem aprovaram nesta ter\u00e7a-feira a convoca\u00e7\u00e3o de nove pessoas para serem ouvidas pela comiss\u00e3o, entre elas o diretor-presidente da petroqu\u00edmica, Roberto Bischoff, de acordo com informa\u00e7\u00f5es da Ag\u00eancia Senado.<\/p>\n<p>Na v\u00e9spera, a CPI aprovou o plano de trabalho do relator, senador Rog\u00e9rio Carvalho (PT-SE), prevendo eixos de atua\u00e7\u00e3o at\u00e9 o dia 22 de maio, prazo limite para o funcionamento da comiss\u00e3o se ela n\u00e3o for prorrogada.<\/p>\n<p>A companhia virou alvo de uma CPI ap\u00f3s novo epis\u00f3dio de afundamento de solo em bairro de Macei\u00f3, devido ao colapso de uma mina de explora\u00e7\u00e3o de sal-gema.<\/p>\n<p>A explora\u00e7\u00e3o do sal-gema em Macei\u00f3 foi realizada entre 1976 e 2019 e interrompida ap\u00f3s bairros da cidade passarem a registrar rachaduras em ruas e em edif\u00edcios, diante da movimenta\u00e7\u00e3o de enormes cavidades criadas como consequ\u00eancia da minera\u00e7\u00e3o. A Braskem comandava as atividades de explora\u00e7\u00e3o desde 2002, ano de sua funda\u00e7\u00e3o.<\/p>\n<p>Os depoimentos come\u00e7am na pr\u00f3xima ter\u00e7a-feira, quando ser\u00e3o ouvidos os professores da Universidade Federal de Alagoas Jo\u00e3o Abel Galindo Marques e Natallya de Almeida Levino e o doutor e ativista em ecologia Jos\u00e9 Geraldo Marques.<\/p>\n<p>De acordo com Carvalho, eles dever\u00e3o apresentar estudos sobre as consequ\u00eancias da extra\u00e7\u00e3o do sal-gema pela Braskem na cidade de Macei\u00f3.<\/p>\n<p>Na sequ\u00eancia, segundo a Ag\u00eancia Senado, prestam depoimento na quarta-feira Mauro Henrique Sousa, diretor-geral da Ag\u00eancia Nacional de Minera\u00e7\u00e3o (ANM), e Thales Sampaio, coordenador dos estudos da antiga Companhia de Pesquisa de Recursos Minerais (CPRM, atual Servi\u00e7o Geol\u00f3gico do Brasil), que responsabilizou a Braskem no desastre.<\/p>\n<p>Entre outros, tamb\u00e9m foi convocado Marcelo Arantes, diretor de Comunica\u00e7\u00e3o da Braskem.<\/p>\n<p>(Por Paula Arend Laier)<\/p>\n","protected":false},"excerpt":{"rendered":"<p>(Reuters) &#8211; Integrantes da CPI da Braskem aprovaram nesta ter\u00e7a-feira a convoca\u00e7\u00e3o de nove pessoas para serem ouvidas pela comiss\u00e3o, entre elas o diretor-presidente da petroqu\u00edmica, Roberto Bischoff, de acordo com informa\u00e7\u00f5es da Ag\u00eancia Senado. Na v\u00e9spera, a CPI aprovou o plano de trabalho do relator, senador Rog\u00e9rio Carvalho (PT-SE), prevendo eixos de atua\u00e7\u00e3o at\u00e9 [&hellip;]<\/p>\n","protected":false},"author":61,"featured_media":0,"comment_status":"closed","ping_status":"open","sticky":false,"template":"","format":"standard","meta":{"_acf_changed":false,"inline_featured_image":false,"footnotes":""},"categories":[5],"tags":[102288],"autor-wsj":[],"coauthors":[2494],"class_list":["post-559727","post","type-post","status-publish","format-standard","hentry","category-economia","tag-reuters"],"acf":[],"amp_enabled":true,"_links":{"self":[{"href":"https:\/\/investnews.com.br\/inv-api\/wp\/v2\/posts\/559727","targetHints":{"allow":["GET"]}}],"collection":[{"href":"https:\/\/investnews.com.br\/inv-api\/wp\/v2\/posts"}],"about":[{"href":"https:\/\/investnews.com.br\/inv-api\/wp\/v2\/types\/post"}],"author":[{"embeddable":true,"href":"https:\/\/investnews.com.br\/inv-api\/wp\/v2\/users\/61"}],"replies":[{"embeddable":true,"href":"https:\/\/investnews.com.br\/inv-api\/wp\/v2\/comments?post=559727"}],"version-history":[{"count":2,"href":"https:\/\/investnews.com.br\/inv-api\/wp\/v2\/posts\/559727\/revisions"}],"predecessor-version":[{"id":559738,"href":"https:\/\/investnews.com.br\/inv-api\/wp\/v2\/posts\/559727\/revisions\/559738"}],"wp:attachment":[{"href":"https:\/\/investnews.com.br\/inv-api\/wp\/v2\/media?parent=559727"}],"wp:term":[{"taxonomy":"category","embeddable":true,"href":"https:\/\/investnews.com.br\/inv-api\/wp\/v2\/categories?post=559727"},{"taxonomy":"post_tag","embeddable":true,"href":"https:\/\/investnews.com.br\/inv-api\/wp\/v2\/tags?post=559727"},{"taxonomy":"autor-wsj","embeddable":true,"href":"https:\/\/investnews.com.br\/inv-api\/wp\/v2\/autor-wsj?post=559727"},{"taxonomy":"author","embeddable":true,"href":"https:\/\/investnews.com.br\/inv-api\/wp\/v2\/coauthors?post=559727"}],"curies":[{"name":"wp","href":"https:\/\/api.w.org\/{rel}","templated":true}]}}