{"id":559728,"date":"2024-02-28T14:24:24","date_gmt":"2024-02-28T17:24:24","guid":{"rendered":"https:\/\/investnews.com.br\/?p=559728"},"modified":"2024-02-28T14:24:26","modified_gmt":"2024-02-28T17:24:26","slug":"receita-do-setor-de-maquinas-e-equipamentos-recua-217-em-janeiro-na-base-anual-diz-abimaq","status":"publish","type":"post","link":"https:\/\/investnews.com.br\/economia\/receita-do-setor-de-maquinas-e-equipamentos-recua-217-em-janeiro-na-base-anual-diz-abimaq\/","title":{"rendered":"Receita do setor de m\u00e1quinas e equipamentos recua 21,7% em janeiro na base anual, diz Abimaq"},"content":{"rendered":"<p>Por Patricia Vilas Boas<\/p>\n<p>S\u00c3O PAULO (Reuters) &#8211;     O faturamento do setor de m\u00e1quinas e equipamentos manteve tend\u00eancia de queda em janeiro, ap\u00f3s fechar 2023 com decl\u00ednio de 11%, mostraram dados da Abimaq, associa\u00e7\u00e3o do setor, nesta quarta-feira.<\/p>\n<p>A <a href=\"https:\/\/investnews.com.br\/guias\/receita-liquida-o-que-e\/\">receita l\u00edquida<\/a> total do setor em janeiro recuou 21,7% ante o mesmo m\u00eas do ano passado, a 16,4 bilh\u00f5es de reais. J\u00e1 a receita l\u00edquida interna registrou queda de 28,5% na mesma base de compara\u00e7\u00e3o, para 11,1 bilh\u00f5es de reais, conforme dados da entidade.<\/p>\n<p>O consumo aparente de m\u00e1quinas e equipamentos no m\u00eas passado recuou 17,7% frente a um ano antes, para 22,9 bilh\u00f5es de reais, com desacelera\u00e7\u00e3o da atividade nos diversos setores da economia e falta de competitividade da ind\u00fastria local, disse a Abimaq.<\/p>\n<p>O n\u00edvel de utiliza\u00e7\u00e3o de capacidade instalada da ind\u00fastria caiu para 71,1% no per\u00edodo, 4,4% abaixo do n\u00edvel observado no final de 2023, de 74,4%, afirmou a entidade.<\/p>\n<p>As exporta\u00e7\u00f5es e importa\u00e7\u00f5es do setor, por outro lado, subiram ambas 7,3% em janeiro versus o mesmo m\u00eas em 2023, para, respectivamente, 1,1 bilh\u00e3o de d\u00f3lares e 2,3 bilh\u00f5es de d\u00f3lares.<\/p>\n","protected":false},"excerpt":{"rendered":"<p>Por Patricia Vilas Boas S\u00c3O PAULO (Reuters) &#8211; O faturamento do setor de m\u00e1quinas e equipamentos manteve tend\u00eancia de queda em janeiro, ap\u00f3s fechar 2023 com decl\u00ednio de 11%, mostraram dados da Abimaq, associa\u00e7\u00e3o do setor, nesta quarta-feira. A receita l\u00edquida total do setor em janeiro recuou 21,7% ante o mesmo m\u00eas do ano passado, [&hellip;]<\/p>\n","protected":false},"author":61,"featured_media":0,"comment_status":"closed","ping_status":"open","sticky":false,"template":"","format":"standard","meta":{"_acf_changed":false,"inline_featured_image":false,"footnotes":""},"categories":[5],"tags":[102288],"autor-wsj":[],"coauthors":[2494],"class_list":["post-559728","post","type-post","status-publish","format-standard","hentry","category-economia","tag-reuters"],"acf":[],"amp_enabled":true,"_links":{"self":[{"href":"https:\/\/investnews.com.br\/inv-api\/wp\/v2\/posts\/559728","targetHints":{"allow":["GET"]}}],"collection":[{"href":"https:\/\/investnews.com.br\/inv-api\/wp\/v2\/posts"}],"about":[{"href":"https:\/\/investnews.com.br\/inv-api\/wp\/v2\/types\/post"}],"author":[{"embeddable":true,"href":"https:\/\/investnews.com.br\/inv-api\/wp\/v2\/users\/61"}],"replies":[{"embeddable":true,"href":"https:\/\/investnews.com.br\/inv-api\/wp\/v2\/comments?post=559728"}],"version-history":[{"count":2,"href":"https:\/\/investnews.com.br\/inv-api\/wp\/v2\/posts\/559728\/revisions"}],"predecessor-version":[{"id":559730,"href":"https:\/\/investnews.com.br\/inv-api\/wp\/v2\/posts\/559728\/revisions\/559730"}],"wp:attachment":[{"href":"https:\/\/investnews.com.br\/inv-api\/wp\/v2\/media?parent=559728"}],"wp:term":[{"taxonomy":"category","embeddable":true,"href":"https:\/\/investnews.com.br\/inv-api\/wp\/v2\/categories?post=559728"},{"taxonomy":"post_tag","embeddable":true,"href":"https:\/\/investnews.com.br\/inv-api\/wp\/v2\/tags?post=559728"},{"taxonomy":"autor-wsj","embeddable":true,"href":"https:\/\/investnews.com.br\/inv-api\/wp\/v2\/autor-wsj?post=559728"},{"taxonomy":"author","embeddable":true,"href":"https:\/\/investnews.com.br\/inv-api\/wp\/v2\/coauthors?post=559728"}],"curies":[{"name":"wp","href":"https:\/\/api.w.org\/{rel}","templated":true}]}}