{"id":559815,"date":"2024-02-28T18:30:32","date_gmt":"2024-02-28T21:30:32","guid":{"rendered":"https:\/\/investnews.com.br\/?p=559815"},"modified":"2024-02-28T18:30:35","modified_gmt":"2024-02-28T21:30:35","slug":"futura-decisao-do-stf-sobre-vinculo-de-motoristas-e-uber-servira-para-outros-casos-decide-maioria","status":"publish","type":"post","link":"https:\/\/investnews.com.br\/economia\/futura-decisao-do-stf-sobre-vinculo-de-motoristas-e-uber-servira-para-outros-casos-decide-maioria\/","title":{"rendered":"Futura decis\u00e3o do STF sobre v\u00ednculo de motoristas e Uber servir\u00e1 para outros casos, decide maioria"},"content":{"rendered":"<p>Por Ricardo Brito<\/p>\n<p>BRAS\u00cdLIA (Reuters) &#8211;     O plen\u00e1rio virtual do Supremo Tribunal Federal (STF) formou maioria, nesta quarta-feira, para reconhecer que uma futura decis\u00e3o da corte sobre se h\u00e1 v\u00ednculo empregat\u00edcio entre os motoristas de Uber e a empresa vai servir de baliza para outros casos semelhantes.<\/p>\n<p>At\u00e9 o momento, seis dos 11 ministros do tribunal entenderam que esse processo ter\u00e1 a chamada repercuss\u00e3o geral: o relator Edson Fachin e os ministros Fl\u00e1vio Dino, C\u00e1rmen L\u00facia, Alexandre de Moraes, Luiz Fux e Andr\u00e9 Mendon\u00e7a.<\/p>\n<p>Fachin disse em seu voto que o Supremo deve&nbsp;dar uma &#8220;resposta uniformizadora e efetiva&#8221; \u00e0 sociedade brasileira em rela\u00e7\u00e3o ao assunto, destacando que tem havido &#8220;decis\u00f5es divergentes&#8221; e que criam &#8220;ineg\u00e1vel inseguran\u00e7a jur\u00eddica&#8221;.<\/p>\n<p>\u201cN\u00e3o se pode olvidar que h\u00e1 decis\u00f5es divergentes proferidas pelo Judici\u00e1rio brasileiro em rela\u00e7\u00e3o \u00e0 presente controv\u00e9rsia, o que tem suscitado uma ineg\u00e1vel inseguran\u00e7a jur\u00eddica&#8221;, disse.<\/p>\n<p>&#8220;A disparidade de posicionamentos, ao inv\u00e9s de proporcionar seguran\u00e7a e orienta\u00e7\u00e3o, agravam as incertezas e dificultam a constru\u00e7\u00e3o de um arcabou\u00e7o jur\u00eddico est\u00e1vel e capaz de oferecer diretrizes un\u00edvocas para as cidad\u00e3s e cidad\u00e3os brasileiros\u201d, emendou.<\/p>\n<p>Quando um processo ganha repercuss\u00e3o geral, a causa ter\u00e1 amplo alcance e servir\u00e1 de norte para a Justi\u00e7a e ter\u00e1 implica\u00e7\u00f5es para casos parecidos. Podem ser afetados, al\u00e9m do Uber, aplicativos como Rappi, Loggi, 99, Z\u00e9 Delivery e iFood, por exemplo.<\/p>\n<p>Em manifesta\u00e7\u00e3o ao Supremo de dezembro, a Procuradoria-Geral da Rep\u00fablica (PGR) disse que at\u00e9 maio do ano passado haviam sido propostas ao menos 17 mil a\u00e7\u00f5es na Justi\u00e7a trabalhista com o objetivo de reconhecer v\u00ednculo entre os trabalhadores e as empresas de transporte de mercadorias ou de passageiros por meio de plataformas digitais.<\/p>\n<p>O julgamento virtual est\u00e1 previsto para encerrar na sexta-feira. Por ora, n\u00e3o h\u00e1 ainda um prazo para que esse processo venha a ser julgado com repercuss\u00e3o geral.<\/p>\n","protected":false},"excerpt":{"rendered":"<p>Por Ricardo Brito BRAS\u00cdLIA (Reuters) &#8211; O plen\u00e1rio virtual do Supremo Tribunal Federal (STF) formou maioria, nesta quarta-feira, para reconhecer que uma futura decis\u00e3o da corte sobre se h\u00e1 v\u00ednculo empregat\u00edcio entre os motoristas de Uber e a empresa vai servir de baliza para outros casos semelhantes. At\u00e9 o momento, seis dos 11 ministros do [&hellip;]<\/p>\n","protected":false},"author":61,"featured_media":0,"comment_status":"closed","ping_status":"open","sticky":false,"template":"","format":"standard","meta":{"_acf_changed":false,"inline_featured_image":false,"footnotes":""},"categories":[5],"tags":[102288],"autor-wsj":[],"coauthors":[2494],"class_list":["post-559815","post","type-post","status-publish","format-standard","hentry","category-economia","tag-reuters"],"acf":[],"amp_enabled":true,"_links":{"self":[{"href":"https:\/\/investnews.com.br\/inv-api\/wp\/v2\/posts\/559815","targetHints":{"allow":["GET"]}}],"collection":[{"href":"https:\/\/investnews.com.br\/inv-api\/wp\/v2\/posts"}],"about":[{"href":"https:\/\/investnews.com.br\/inv-api\/wp\/v2\/types\/post"}],"author":[{"embeddable":true,"href":"https:\/\/investnews.com.br\/inv-api\/wp\/v2\/users\/61"}],"replies":[{"embeddable":true,"href":"https:\/\/investnews.com.br\/inv-api\/wp\/v2\/comments?post=559815"}],"version-history":[{"count":2,"href":"https:\/\/investnews.com.br\/inv-api\/wp\/v2\/posts\/559815\/revisions"}],"predecessor-version":[{"id":559861,"href":"https:\/\/investnews.com.br\/inv-api\/wp\/v2\/posts\/559815\/revisions\/559861"}],"wp:attachment":[{"href":"https:\/\/investnews.com.br\/inv-api\/wp\/v2\/media?parent=559815"}],"wp:term":[{"taxonomy":"category","embeddable":true,"href":"https:\/\/investnews.com.br\/inv-api\/wp\/v2\/categories?post=559815"},{"taxonomy":"post_tag","embeddable":true,"href":"https:\/\/investnews.com.br\/inv-api\/wp\/v2\/tags?post=559815"},{"taxonomy":"autor-wsj","embeddable":true,"href":"https:\/\/investnews.com.br\/inv-api\/wp\/v2\/autor-wsj?post=559815"},{"taxonomy":"author","embeddable":true,"href":"https:\/\/investnews.com.br\/inv-api\/wp\/v2\/coauthors?post=559815"}],"curies":[{"name":"wp","href":"https:\/\/api.w.org\/{rel}","templated":true}]}}