{"id":559959,"date":"2024-02-29T10:38:30","date_gmt":"2024-02-29T13:38:30","guid":{"rendered":"https:\/\/investnews.com.br\/?p=559959"},"modified":"2024-02-29T13:30:52","modified_gmt":"2024-02-29T16:30:52","slug":"fala-de-ceo-da-petrobras-faz-estatal-despencar-em-bolsa","status":"publish","type":"post","link":"https:\/\/investnews.com.br\/financas\/fala-de-ceo-da-petrobras-faz-estatal-despencar-em-bolsa\/","title":{"rendered":"Fala de CEO da Petrobras faz estatal despencar em bolsa"},"content":{"rendered":"\n<p>Uma fala de Jean Paul Prates, CEO da <strong>Petrobras<\/strong>, fez as a\u00e7\u00f5es da estatal despencarem mais de 6% no preg\u00e3o de v\u00e9spera. Foram perdidos R$ 30 bilh\u00f5es em valor de mercado em um \u00fanico dia. Isso porque o executivo falou \u00e0 Bloomberg que a petroleira seria mais cautelosa no pagamento de <a href=\"https:\/\/investnews.com.br\/guias\/dividendos-o-que-sao-como-funcionam\/\">dividendos<\/a> extraordin\u00e1rios uma vez que busca se tornar uma pot\u00eancia em energia renov\u00e1vel.<\/p>\n\n\n\n<p>Isso porque a companhia projeta que metade de suas receitas sejam provenientes de energia e\u00f3lica, solar e fontes renov\u00e1veis na pr\u00f3xima d\u00e9cada. Para isso, aquisi\u00e7\u00f5es est\u00e3o no radar.<\/p>\n\n\n\n<figure class=\"wp-block-image size-full\"><img loading=\"lazy\" decoding=\"async\" width=\"1024\" height=\"768\" src=\"https:\/\/media.investnews.com.br\/uploads\/2023\/05\/dsc3782.jpg\" alt=\"O presidente da Petrobras, Jean Paul Prates, durante coletiva de imprensa, em mar\u00e7o de 2023. (Foto: Tomaz Silva\/Ag\u00eancia Brasil)\" class=\"wp-image-478731\" srcset=\"https:\/\/media.investnews.com.br\/uploads\/2023\/05\/dsc3782.jpg 1024w, https:\/\/media.investnews.com.br\/uploads\/2023\/05\/dsc3782-300x225.jpg 300w, https:\/\/media.investnews.com.br\/uploads\/2023\/05\/dsc3782-768x576.jpg 768w, https:\/\/media.investnews.com.br\/uploads\/2023\/05\/dsc3782-172x129.jpg 172w, https:\/\/media.investnews.com.br\/uploads\/2023\/05\/dsc3782-150x113.jpg 150w\" sizes=\"auto, (max-width: 1024px) 100vw, 1024px\" \/><figcaption class=\"wp-element-caption\">O presidente da Petrobras, Jean Paul Prates, durante coletiva de imprensa,  em mar\u00e7o de 2023. (Foto: Tomaz Silva\/Ag\u00eancia Brasil)<\/figcaption><\/figure>\n\n\n\n<p>A quest\u00e3o \u00e9 que seguido da frase de que o conselho da petroleira seria cauteloso [quanto aos dividendos, Prates disse que os acionistas entenderiam. S\u00f3 que n\u00e3o. <\/p>\n\n\n\n<p>Analistas e agentes do mercado estavam comprados no fato de a Petrobras poder vir a recompensar investidores com bilh\u00f5es de d\u00f3lares em dividendos extraordin\u00e1rios ap\u00f3s a divulga\u00e7\u00e3o de resultados em 7 de mar\u00e7o. Goldman Sachs foi um dos que apontou para esse ponto.<\/p>\n\n\n\n<h2 class=\"wp-block-heading\">O desempenho dos papeis<\/h2>\n\n\n\n<p>As a\u00e7\u00f5es preferenciais fecharam em queda de 5,16%, a R$ 40,43 na v\u00e9spera, enquanto as <a href=\"https:\/\/investnews.com.br\/guias\/acoes-ordinarias-e-preferenciais-entenda\/\">a\u00e7\u00f5es ordin\u00e1rias<\/a> cederam 5,39%, a R$ 41,60, equivalente a uma perda de quase 30 bilh\u00f5es de reais em valor de mercado.<\/p>\n\n\n\n<p>No call de fechamento da bolsa brasileira, a Petrobras informou que n\u00e3o h\u00e1 qualquer decis\u00e3o tomada em rela\u00e7\u00e3o \u00e0 distribui\u00e7\u00e3o de dividendos ainda n\u00e3o declarados.<\/p>\n\n\n\n<p>A companhia acrescentou que as decis\u00f5es da alta administra\u00e7\u00e3o sobre dividendos, que inclui a proposta de destina\u00e7\u00e3o do resultado, a ser submetida \u00e0 aprova\u00e7\u00e3o de assembleia geral ordin\u00e1ria em 25 de abril, ser\u00e3o tomadas com base em sua nova pol\u00edtica de remunera\u00e7\u00e3o.<\/p>\n\n\n\n<p>As a\u00e7\u00f5es da companhia t\u00eam renovado m\u00e1ximas hist\u00f3ricas, em boa parte apoiadas nas expectativas sobre a remunera\u00e7\u00e3o aos acionistas.<\/p>\n\n\n\n<p><em>Com Reuters<\/em><\/p>\n","protected":false},"excerpt":{"rendered":"<p>Os papeis PETR3 e PETR4 registraram forte queda no preg\u00e3o da quarta-feira (28).<\/p>\n","protected":false},"author":7,"featured_media":478731,"comment_status":"closed","ping_status":"open","sticky":false,"template":"","format":"standard","meta":{"_acf_changed":false,"inline_featured_image":false,"footnotes":""},"categories":[4],"tags":[21],"autor-wsj":[],"coauthors":[1494],"class_list":["post-559959","post","type-post","status-publish","format-standard","has-post-thumbnail","hentry","category-financas","tag-petrobras"],"acf":[],"amp_enabled":true,"_links":{"self":[{"href":"https:\/\/investnews.com.br\/inv-api\/wp\/v2\/posts\/559959","targetHints":{"allow":["GET"]}}],"collection":[{"href":"https:\/\/investnews.com.br\/inv-api\/wp\/v2\/posts"}],"about":[{"href":"https:\/\/investnews.com.br\/inv-api\/wp\/v2\/types\/post"}],"author":[{"embeddable":true,"href":"https:\/\/investnews.com.br\/inv-api\/wp\/v2\/users\/7"}],"replies":[{"embeddable":true,"href":"https:\/\/investnews.com.br\/inv-api\/wp\/v2\/comments?post=559959"}],"version-history":[{"count":6,"href":"https:\/\/investnews.com.br\/inv-api\/wp\/v2\/posts\/559959\/revisions"}],"predecessor-version":[{"id":560040,"href":"https:\/\/investnews.com.br\/inv-api\/wp\/v2\/posts\/559959\/revisions\/560040"}],"wp:featuredmedia":[{"embeddable":true,"href":"https:\/\/investnews.com.br\/inv-api\/wp\/v2\/media\/478731"}],"wp:attachment":[{"href":"https:\/\/investnews.com.br\/inv-api\/wp\/v2\/media?parent=559959"}],"wp:term":[{"taxonomy":"category","embeddable":true,"href":"https:\/\/investnews.com.br\/inv-api\/wp\/v2\/categories?post=559959"},{"taxonomy":"post_tag","embeddable":true,"href":"https:\/\/investnews.com.br\/inv-api\/wp\/v2\/tags?post=559959"},{"taxonomy":"autor-wsj","embeddable":true,"href":"https:\/\/investnews.com.br\/inv-api\/wp\/v2\/autor-wsj?post=559959"},{"taxonomy":"author","embeddable":true,"href":"https:\/\/investnews.com.br\/inv-api\/wp\/v2\/coauthors?post=559959"}],"curies":[{"name":"wp","href":"https:\/\/api.w.org\/{rel}","templated":true}]}}