{"id":560264,"date":"2024-03-01T01:31:21","date_gmt":"2024-03-01T04:31:21","guid":{"rendered":"https:\/\/investnews.com.br\/?p=560264"},"modified":"2024-03-01T01:31:25","modified_gmt":"2024-03-01T04:31:25","slug":"ministros-das-financas-do-g20-fracassam-em-chegar-a-comunicado-conjunto-e-brasil-divulga-resumo","status":"publish","type":"post","link":"https:\/\/investnews.com.br\/economia\/ministros-das-financas-do-g20-fracassam-em-chegar-a-comunicado-conjunto-e-brasil-divulga-resumo\/","title":{"rendered":"Ministros das Finan\u00e7as do G20 fracassam em chegar a comunicado conjunto e Brasil divulga resumo"},"content":{"rendered":"<p>Por Marcela Ayres e Christian Kraemer e Bernardo Caram<\/p>\n<p>S\u00c3O PAULO (Reuters) &#8211;     Os l\u00edderes financeiros dos principais pa\u00edses do G20 n\u00e3o conseguiram chegar a um consenso em torno de um comunicado conjunto, em meio a profundas divis\u00f5es sobre como abordar conflitos geopol\u00edticos, e coube ao Brasil divulgar um resumo ao final das conversas nesta quinta-feira.<\/p>\n<p>Os l\u00edderes financeiros dos principais pa\u00edses do G20 passaram o dia discutindo como descrever as guerras na Ucr\u00e2nia e em Gaza em um comunicado conjunto, com a R\u00fassia e a maioria das na\u00e7\u00f5es ocidentais em desacordo sobre a linguagem, disseram duas fontes do G20 \u00e0 Reuters.<\/p>\n<p>Os debates sobre os conflitos tomaram parte da aten\u00e7\u00e3o das delega\u00e7\u00f5es enquanto o Brasil tentava manter o foco das discuss\u00f5es em sua agenda priorit\u00e1ria na presid\u00eancia do G20, que inclui a redu\u00e7\u00e3o de desigualdades e a cria\u00e7\u00e3o de um sistema de tributa\u00e7\u00e3o internacional que cobre mais de super-ricos.<\/p>\n<p>Em entrevista \u00e0 imprensa ap\u00f3s o fim da reuni\u00e3o, o ministro da Fazenda, Fernando Haddad, negou que a falta de consenso na \u00e1rea geopol\u00edtica, que chegou a se concentrar em &#8220;uma palavra&#8221; do comunicado, tenha comprometido o debate financeiro.<\/p>\n<p>&#8220;Quer\u00edamos que temas de geopol\u00edtica fossem debatidos exclusivamente na trilha diplom\u00e1tica &#8230; mas como n\u00e3o se chegou na reuni\u00e3o da semana passada no Rio de Janeiro a uma reda\u00e7\u00e3o comum, isso acabou contaminando o estabelecimento do consenso na nossa&#8221;, disse.<\/p>\n<p>O ministro afirmou que o resultado da trilha financeira foi consensual, &#8220;um sucesso&#8221;, enfatizando que &#8220;todos sa\u00edram aplaudindo o resultado&#8221;. Segundo ele, o Brasil trabalhar\u00e1 para ampliar consensos nas pr\u00f3ximas reuni\u00f5es do grupo.<\/p>\n<p>O G7, grupo dos pa\u00edses ocidentais mais industrializados mais o Jap\u00e3o, estava apoiando a ideia de se referir \u00e0 guerra &#8220;contra&#8221; a Ucr\u00e2nia, enquanto a R\u00fassia queria descrev\u00ea-la como a guerra &#8220;na&#8221; Ucr\u00e2nia, disseram as duas fontes, uma das quais \u00e9 da delega\u00e7\u00e3o brasileira.<\/p>\n<p>Os pa\u00edses do G7 tamb\u00e9m apoiavam a linguagem que descrevia a guerra em Gaza como uma &#8220;crise humanit\u00e1ria&#8221;, sem men\u00e7\u00e3o a Israel, disseram as fontes.<\/p>\n<p>O Jap\u00e3o disse a seus pares do G20 na quarta-feira que condena o ato de terrorismo do Hamas e que est\u00e1 profundamente preocupado com a crise humanit\u00e1ria em Gaza, disse aos rep\u00f3rteres o vice-ministro das Finan\u00e7as para assuntos internacionais, Masato Kanda.<\/p>\n<p>As autoridades brasileiras anfitri\u00e3s do evento tentaram concentrar as conversas na coopera\u00e7\u00e3o econ\u00f4mica para lidar com quest\u00f5es como mudan\u00e7a clim\u00e1tica e pobreza, mas pa\u00edses como a Alemanha pressionaram por uma declara\u00e7\u00e3o conjunta que mencionasse as guerras na Ucr\u00e2nia e em Gaza.<\/p>\n<p>O ministro das Finan\u00e7as da Alemanha, Christian Lindner, insistiu que n\u00e3o poderia haver neg\u00f3cios como de costume, pois havia uma guerra contra a Ucr\u00e2nia, o &#8220;terror&#8221; do Hamas e uma situa\u00e7\u00e3o humanit\u00e1ria em Gaza.<\/p>\n<p>&#8220;Tudo isso n\u00e3o pode nos deixar indiferentes, tudo isso deve ser discutido aqui&#8221;, disse ele aos rep\u00f3rteres.<\/p>\n<p>APOIO \u00c0 AGENDA SOBRE DESIGUALDADE<\/p>\n<p>Embora essas tens\u00f5es tenham pairado sobre a reuni\u00e3o em S\u00e3o Paulo, Achim Steiner, chefe do Programa das Na\u00e7\u00f5es Unidas para o Desenvolvimento (Pnud), considerou o in\u00edcio da presid\u00eancia do Brasil este ano como um sucesso, uma vez que a \u00fanica contenda do segundo dia de conversa\u00e7\u00f5es sobre a vertente financeira foi &#8220;por causa de algumas palavras&#8221; numa declara\u00e7\u00e3o conjunta.<\/p>\n<p>&#8220;O Brasil estabeleceu prioridades claras, por exemplo, com a sua proposta fiscal&#8221;, disse Steiner \u00e0 Reuters nesta quinta-feira.<\/p>\n<p>Como parte dos esfor\u00e7os para combater a desigualdade, o Brasil prop\u00f4s debates sobre um imposto global m\u00ednimo sobre a riqueza que garantiria o aumento das contribui\u00e7\u00f5es tribut\u00e1rias dos super-ricos.<\/p>\n<p>&#8220;Mesmo com taxas de imposto ligeiramente mais elevadas para os cerca de 2.500 bilion\u00e1rios de todo o mundo, poderiam ser geradas receitas adicionais muito consider\u00e1veis&#8221;, afirmou.<\/p>\n<p>A presid\u00eancia brasileira do G20 tamb\u00e9m tem como objetivo elaborar uma declara\u00e7\u00e3o sobre tributa\u00e7\u00e3o internacional at\u00e9 a reuni\u00e3o de julho do grupo, disse o ministro da Fazenda, Fernando Haddad, nesta quinta-feira, reiterando um pedido de solu\u00e7\u00f5es para garantir o aumento das contribui\u00e7\u00f5es tribut\u00e1rias dos super-ricos.<\/p>\n<p>Diagnosticado com Covid-19 no in\u00edcio desta semana, Haddad decidiu participar presencialmente do \u00faltimo dia de reuni\u00f5es ap\u00f3s realizar dois testes de Covid com resultado negativo. Na quarta-feira, primeiro dia do encontro, a participa\u00e7\u00e3o do ministro havia sido virtual.<\/p>\n<p>Ele j\u00e1 havia anunciado na quarta que o Brasil proporia debates sobre um imposto global m\u00ednimo sobre a riqueza, potencialmente adicionando outra dimens\u00e3o \u00e0 coopera\u00e7\u00e3o tribut\u00e1ria internacional.<\/p>\n<p>O ministro das Finan\u00e7as franc\u00eas, Bruno Le Maire, manifestou o seu apoio na quarta-feira a um imposto m\u00ednimo global sobre os super-ricos do mundo.<\/p>\n<p>O representante do Jap\u00e3o, Kanda, que est\u00e1 participando nas conversa\u00e7\u00f5es do G20 em nome do ministro das Finan\u00e7as do pa\u00eds, disse que o grupo apoiou amplamente a proposta do Brasil de destacar as medidas para combater a desigualdade como a agenda principal deste ano.<\/p>\n","protected":false},"excerpt":{"rendered":"<p>Por Marcela Ayres e Christian Kraemer e Bernardo Caram S\u00c3O PAULO (Reuters) &#8211; Os l\u00edderes financeiros dos principais pa\u00edses do G20 n\u00e3o conseguiram chegar a um consenso em torno de um comunicado conjunto, em meio a profundas divis\u00f5es sobre como abordar conflitos geopol\u00edticos, e coube ao Brasil divulgar um resumo ao final das conversas nesta [&hellip;]<\/p>\n","protected":false},"author":61,"featured_media":0,"comment_status":"closed","ping_status":"open","sticky":false,"template":"","format":"standard","meta":{"_acf_changed":false,"inline_featured_image":false,"footnotes":""},"categories":[5],"tags":[102288],"autor-wsj":[],"coauthors":[2494],"class_list":["post-560264","post","type-post","status-publish","format-standard","hentry","category-economia","tag-reuters"],"acf":[],"amp_enabled":true,"_links":{"self":[{"href":"https:\/\/investnews.com.br\/inv-api\/wp\/v2\/posts\/560264","targetHints":{"allow":["GET"]}}],"collection":[{"href":"https:\/\/investnews.com.br\/inv-api\/wp\/v2\/posts"}],"about":[{"href":"https:\/\/investnews.com.br\/inv-api\/wp\/v2\/types\/post"}],"author":[{"embeddable":true,"href":"https:\/\/investnews.com.br\/inv-api\/wp\/v2\/users\/61"}],"replies":[{"embeddable":true,"href":"https:\/\/investnews.com.br\/inv-api\/wp\/v2\/comments?post=560264"}],"version-history":[{"count":2,"href":"https:\/\/investnews.com.br\/inv-api\/wp\/v2\/posts\/560264\/revisions"}],"predecessor-version":[{"id":560295,"href":"https:\/\/investnews.com.br\/inv-api\/wp\/v2\/posts\/560264\/revisions\/560295"}],"wp:attachment":[{"href":"https:\/\/investnews.com.br\/inv-api\/wp\/v2\/media?parent=560264"}],"wp:term":[{"taxonomy":"category","embeddable":true,"href":"https:\/\/investnews.com.br\/inv-api\/wp\/v2\/categories?post=560264"},{"taxonomy":"post_tag","embeddable":true,"href":"https:\/\/investnews.com.br\/inv-api\/wp\/v2\/tags?post=560264"},{"taxonomy":"autor-wsj","embeddable":true,"href":"https:\/\/investnews.com.br\/inv-api\/wp\/v2\/autor-wsj?post=560264"},{"taxonomy":"author","embeddable":true,"href":"https:\/\/investnews.com.br\/inv-api\/wp\/v2\/coauthors?post=560264"}],"curies":[{"name":"wp","href":"https:\/\/api.w.org\/{rel}","templated":true}]}}