{"id":561914,"date":"2024-03-11T06:00:00","date_gmt":"2024-03-11T09:00:00","guid":{"rendered":"https:\/\/investnews.com.br\/?p=561914"},"modified":"2025-08-08T16:13:17","modified_gmt":"2025-08-08T19:13:17","slug":"executivos-e-liderancas-empresariais-tem-espaco-na-toscana-para-chamar-de-seu","status":"publish","type":"post","link":"https:\/\/investnews.com.br\/negocios\/executivos-e-liderancas-empresariais-tem-espaco-na-toscana-para-chamar-de-seu\/","title":{"rendered":"O novo projeto de Marcelo Gleiser: um retiro para lideran\u00e7as na Toscana"},"content":{"rendered":"<figure class=\"wp-block-embed is-type-video is-provider-youtube wp-block-embed-youtube wp-embed-aspect-16-9 wp-has-aspect-ratio\"><div class=\"wp-block-embed__wrapper\">\n<iframe loading=\"lazy\" title=\"O novo projeto de Marcelo Gleiser na Toscana\" width=\"500\" height=\"281\" src=\"https:\/\/www.youtube.com\/embed\/EieeAPYBz9w?feature=oembed\" frameborder=\"0\" allow=\"accelerometer; autoplay; clipboard-write; encrypted-media; gyroscope; picture-in-picture; web-share\" referrerpolicy=\"strict-origin-when-cross-origin\" allowfullscreen><\/iframe>\n<\/div><\/figure><p>Executivos seniores do tipo C-Level ter\u00e3o um espa\u00e7o dedicado a eles na Toscana, a partir de outubro, para desenvolver a lideran\u00e7a empresarial diante dos desafios atuais do mundo. O <strong>Island of Knowledge<\/strong> \u00e9 um retiro idealizado pelo intelectual <strong>Marcelo Gleiser<\/strong>, que busca inspirar vis\u00f5es transformadoras que v\u00e3o al\u00e9m do ambiente corporativo.<\/p><p>A ideia surgiu ao longo da \u201ccarreira dupla\u201d desse pesquisador em f\u00edsica, cosmologia e astronomia, diante da preocupa\u00e7\u00e3o sobre como a ci\u00eancia \u00e9 percebida e qual \u00e9 o seu potencial para o florescimento humano. Em uma conversa de cerca de 30 minutos com o <em><strong>InvestNews<\/strong><\/em>, Marcelo fala da conectividade entre a lideran\u00e7a e o planeta Terra.<\/p><blockquote class=\"wp-block-quote is-layout-flow wp-block-quote-is-layout-flow\">\n<p>\u201cUm l\u00edder \u00e9 uma pessoa que \u00e9 capaz de impor mudan\u00e7as que podem percolar atrav\u00e9s da empresa e com um potencial de transforma\u00e7\u00e3o muito grande no mundo\u201d<\/p>\n<cite>Marcelo Gleiser, intelectual do pensamento contempor\u00e2neo<\/cite><\/blockquote><p>Inspirado no t\u00edtulo de um dos livros do cientista &#8211; A Ilha do Conhecimento, publicado em 2015 &#8211; o Island of Knowledge surgiu a partir de uma met\u00e1fora. Afinal, quando se fala em uma ilha, pensa-se em isolamento. Trata-se de algo muito semelhante \u00e0 imagem que se tem das lideran\u00e7as. \u201c<em>It&#8217;s lonely at the top<\/em> (\u00c9 solit\u00e1rio no topo)\u201d, lembra Gleiser.<\/p><figure class=\"wp-block-image size-large\"><img loading=\"lazy\" decoding=\"async\" width=\"1024\" height=\"768\" src=\"https:\/\/media.investnews.com.br\/uploads\/2020\/02\/grand-cayman-2072631_1920-1024x768.jpg\" alt=\"Para\u00edso fiscal\" class=\"wp-image-2695\" srcset=\"https:\/\/media.investnews.com.br\/uploads\/2020\/02\/grand-cayman-2072631_1920-1024x768.jpg 1024w, https:\/\/media.investnews.com.br\/uploads\/2020\/02\/grand-cayman-2072631_1920-300x225.jpg 300w, https:\/\/media.investnews.com.br\/uploads\/2020\/02\/grand-cayman-2072631_1920-768x576.jpg 768w, https:\/\/media.investnews.com.br\/uploads\/2020\/02\/grand-cayman-2072631_1920-1536x1152.jpg 1536w, https:\/\/media.investnews.com.br\/uploads\/2020\/02\/grand-cayman-2072631_1920-1245x934.jpg 1245w, https:\/\/media.investnews.com.br\/uploads\/2020\/02\/grand-cayman-2072631_1920-172x129.jpg 172w, https:\/\/media.investnews.com.br\/uploads\/2020\/02\/grand-cayman-2072631_1920-150x113.jpg 150w, https:\/\/media.investnews.com.br\/uploads\/2020\/02\/grand-cayman-2072631_1920.jpg 1920w\" sizes=\"auto, (max-width: 1024px) 100vw, 1024px\" \/><figcaption class=\"wp-element-caption\">Quando se pensa em uma ilha, pensa-se em isolamento; algo muito semelhante \u00e0 imagem das lideran\u00e7as (Cr\u00e9dito: Pixabay)<\/figcaption><\/figure><h2 class=\"wp-block-heading\"><strong>Conectividade e interdepend\u00eancia<\/strong><\/h2><p>Por\u00e9m, \u00e9 exatamente essa vis\u00e3o que o projeto quer transformar, a partir de experi\u00eancias profundas e imersivas que permitem alinhar a lideran\u00e7a a um mundo em constante mudan\u00e7a e que sente o impacto do progresso. \u201cNada pode ser tratado de forma isolada\u201d, afirmou. Para o entrevistado, o pensamento sist\u00eamico \u00e9 essencial no processo de lideran\u00e7a.<\/p><blockquote class=\"wp-block-quote is-layout-flow wp-block-quote-is-layout-flow\">\n<p>\u201cN\u00e3o existe uma ilha isolada, a menos que se olhe de forma superficial. Embaixo d\u2019\u00e1gua, todas as ilhas est\u00e3o conectadas pelo planeta; o mar, que parece ser um obst\u00e1culo \u00e9, na verdade, um lugar onde se pode ir de uma ilha a outra\u201d<\/p>\n<cite>Marcelo Gleiser, em entrevista ao InvestNews<\/cite><\/blockquote><p>Assim, a partir do entendimento de que qualquer parte do sistema \u00e9 codependente das outras partes, o <em>Island of Knowledge <\/em>traz a seguinte provoca\u00e7\u00e3o: como a empresa se coloca nessa vis\u00e3o sist\u00eamica? Mais do que isso: como as lideran\u00e7as empresariais est\u00e3o conectadas nesse processo?<\/p><p>\u201cO que o Island of Knowledge oferece \u00e9 esse transporte, ideol\u00f3gico, intelectual, corporativo de como os executivos se relacionam com um mundo que est\u00e1 em profunda transforma\u00e7\u00e3o, de forma atualizada e globalizada, e que sente o custo ecol\u00f3gico do crescimento industrial\u201d, resume o idealizador do projeto. \u201cQuem entra nesse lugar sai de l\u00e1 diferente\u201d, completa.<\/p><h2 class=\"wp-block-heading\"><strong>Na pr\u00e1tica<\/strong><\/h2><p>A ideia \u00e9 combinar um conte\u00fado did\u00e1tico e pedag\u00f3gico direcionado \u00e0 lideran\u00e7a com atividades din\u00e2micas e exerc\u00edcios em grupo desenhados para os l\u00edderes entenderem o papel que t\u00eam, de modo a transformar n\u00e3o a vis\u00e3o s\u00f3 na empresa, mas enquanto ser humano. \u201cFora isso, tem a Toscana\u201d, emenda Gleiser.\u00a0<\/p><figure class=\"wp-block-image size-large\"><img loading=\"lazy\" decoding=\"async\" width=\"1024\" height=\"659\" src=\"https:\/\/media.investnews.com.br\/uploads\/2024\/03\/sunset-over-the-rolling-hills-green-fields-cypre-2023-11-27-05-04-40-utc-1024x659.jpg\" alt=\"Estrada sinuosa com ciprestes e fazenda na Toscana ao p\u00f4r do sol. Sol intenso ilumina as colinas verdes e douradas.\" class=\"wp-image-561950\" srcset=\"https:\/\/media.investnews.com.br\/uploads\/2024\/03\/sunset-over-the-rolling-hills-green-fields-cypre-2023-11-27-05-04-40-utc-1024x659.jpg 1024w, https:\/\/media.investnews.com.br\/uploads\/2024\/03\/sunset-over-the-rolling-hills-green-fields-cypre-2023-11-27-05-04-40-utc-300x193.jpg 300w, https:\/\/media.investnews.com.br\/uploads\/2024\/03\/sunset-over-the-rolling-hills-green-fields-cypre-2023-11-27-05-04-40-utc-768x494.jpg 768w, https:\/\/media.investnews.com.br\/uploads\/2024\/03\/sunset-over-the-rolling-hills-green-fields-cypre-2023-11-27-05-04-40-utc-1536x989.jpg 1536w, https:\/\/media.investnews.com.br\/uploads\/2024\/03\/sunset-over-the-rolling-hills-green-fields-cypre-2023-11-27-05-04-40-utc-2048x1318.jpg 2048w, https:\/\/media.investnews.com.br\/uploads\/2024\/03\/sunset-over-the-rolling-hills-green-fields-cypre-2023-11-27-05-04-40-utc-1256x809.jpg 1256w, https:\/\/media.investnews.com.br\/uploads\/2024\/03\/sunset-over-the-rolling-hills-green-fields-cypre-2023-11-27-05-04-40-utc-172x111.jpg 172w, https:\/\/media.investnews.com.br\/uploads\/2024\/03\/sunset-over-the-rolling-hills-green-fields-cypre-2023-11-27-05-04-40-utc-150x97.jpg 150w\" sizes=\"auto, (max-width: 1024px) 100vw, 1024px\" \/><figcaption class=\"wp-element-caption\">P\u00f4r do sol em uma colina da Toscana, It\u00e1lia. <\/figcaption><\/figure><p>Essa regi\u00e3o no centro da It\u00e1lia, pr\u00f3xima a Siena e Floren\u00e7a, que abriga paisagens exuberantes e arquitetura medieval. A come\u00e7ar pela igreja constru\u00edda no fim de 1.500 e que serviu como local de adora\u00e7\u00e3o de uma obra de arte renascentista. Foi ali que o cientista se inspirou para essa miss\u00e3o. Confira essa e outras hist\u00f3rias na conversa com o <strong><em>InvestNews<\/em><\/strong>.\u00a0<\/p>\n","protected":false},"excerpt":{"rendered":"<p>Island of Knowledge \u00e9 um retiro idealizado por um dos intelectuais de maior impacto no pensamento contempor\u00e2neo brasileiro.<\/p>\n","protected":false},"author":108,"featured_media":367022,"comment_status":"closed","ping_status":"open","sticky":false,"template":"","format":"standard","meta":{"_acf_changed":false,"inline_featured_image":false,"footnotes":""},"categories":[6],"tags":[839],"autor-wsj":[],"coauthors":[102429],"class_list":["post-561914","post","type-post","status-publish","format-standard","has-post-thumbnail","hentry","category-negocios","tag-italia"],"acf":[],"amp_enabled":true,"_links":{"self":[{"href":"https:\/\/investnews.com.br\/inv-api\/wp\/v2\/posts\/561914","targetHints":{"allow":["GET"]}}],"collection":[{"href":"https:\/\/investnews.com.br\/inv-api\/wp\/v2\/posts"}],"about":[{"href":"https:\/\/investnews.com.br\/inv-api\/wp\/v2\/types\/post"}],"author":[{"embeddable":true,"href":"https:\/\/investnews.com.br\/inv-api\/wp\/v2\/users\/108"}],"replies":[{"embeddable":true,"href":"https:\/\/investnews.com.br\/inv-api\/wp\/v2\/comments?post=561914"}],"version-history":[{"count":20,"href":"https:\/\/investnews.com.br\/inv-api\/wp\/v2\/posts\/561914\/revisions"}],"predecessor-version":[{"id":702910,"href":"https:\/\/investnews.com.br\/inv-api\/wp\/v2\/posts\/561914\/revisions\/702910"}],"wp:featuredmedia":[{"embeddable":true,"href":"https:\/\/investnews.com.br\/inv-api\/wp\/v2\/media\/367022"}],"wp:attachment":[{"href":"https:\/\/investnews.com.br\/inv-api\/wp\/v2\/media?parent=561914"}],"wp:term":[{"taxonomy":"category","embeddable":true,"href":"https:\/\/investnews.com.br\/inv-api\/wp\/v2\/categories?post=561914"},{"taxonomy":"post_tag","embeddable":true,"href":"https:\/\/investnews.com.br\/inv-api\/wp\/v2\/tags?post=561914"},{"taxonomy":"autor-wsj","embeddable":true,"href":"https:\/\/investnews.com.br\/inv-api\/wp\/v2\/autor-wsj?post=561914"},{"taxonomy":"author","embeddable":true,"href":"https:\/\/investnews.com.br\/inv-api\/wp\/v2\/coauthors?post=561914"}],"curies":[{"name":"wp","href":"https:\/\/api.w.org\/{rel}","templated":true}]}}