{"id":562698,"date":"2024-03-12T20:12:46","date_gmt":"2024-03-12T23:12:46","guid":{"rendered":"https:\/\/investnews.com.br\/?p=562698"},"modified":"2024-03-12T20:12:48","modified_gmt":"2024-03-12T23:12:48","slug":"vale-diz-que-conselho-agiu-em-conformidade-com-regimento-em-processo-de-definicao-de-ceo","status":"publish","type":"post","link":"https:\/\/investnews.com.br\/economia\/vale-diz-que-conselho-agiu-em-conformidade-com-regimento-em-processo-de-definicao-de-ceo\/","title":{"rendered":"Vale diz que conselho agiu em conformidade com regimento em processo de defini\u00e7\u00e3o de CEO"},"content":{"rendered":"<p>Por Patricia Vilas Boas<\/p>\n<p>(Reuters) &#8211;     A Vale informou nesta ter\u00e7a-feira que recebeu do seu presidente do conselho de administra\u00e7\u00e3o manifesta\u00e7\u00e3o em que alega que a atua\u00e7\u00e3o do colegiado est\u00e1 em conformidade com estatuto, regimento interno e pol\u00edticas corporativas.<\/p>\n<p>A declara\u00e7\u00e3o vem ap\u00f3s not\u00edcias que descreviam o conte\u00fado da carta de ren\u00fancia do ex-conselheiro Jos\u00e9 Luciano Duarte Penido, que afirmava que o processo de sucess\u00e3o do presidente-executivo, Eduardo Bartolomeo, na mineradora foi conduzido de maneira manipulada e teve influ\u00eancia pol\u00edtica.<\/p>\n<p>&#8220;O conselho de administra\u00e7\u00e3o da Vale esclarece, no que tange ao processo de defini\u00e7\u00e3o do presidente da companhia, que sua atua\u00e7\u00e3o est\u00e1 rigorosamente em conformidade com o estatuto social da Vale, o regimento interno do \u00f3rg\u00e3o e pol\u00edticas corporativas&#8221;, afirma o documento \u00e0 Comiss\u00e3o de Valores Mobili\u00e1rios (CVM).<\/p>\n<p>&#8220;O Conselho de Administra\u00e7\u00e3o seguir\u00e1 desempenhando as a\u00e7\u00f5es previstas nos processos de governan\u00e7a da Vale e executando sua miss\u00e3o de forma diligente.&#8221;<\/p>\n","protected":false},"excerpt":{"rendered":"<p>Por Patricia Vilas Boas (Reuters) &#8211; A Vale informou nesta ter\u00e7a-feira que recebeu do seu presidente do conselho de administra\u00e7\u00e3o manifesta\u00e7\u00e3o em que alega que a atua\u00e7\u00e3o do colegiado est\u00e1 em conformidade com estatuto, regimento interno e pol\u00edticas corporativas. A declara\u00e7\u00e3o vem ap\u00f3s not\u00edcias que descreviam o conte\u00fado da carta de ren\u00fancia do ex-conselheiro Jos\u00e9 [&hellip;]<\/p>\n","protected":false},"author":61,"featured_media":0,"comment_status":"closed","ping_status":"open","sticky":false,"template":"","format":"standard","meta":{"_acf_changed":false,"inline_featured_image":false,"footnotes":""},"categories":[5],"tags":[102288],"autor-wsj":[],"coauthors":[2494],"class_list":["post-562698","post","type-post","status-publish","format-standard","hentry","category-economia","tag-reuters"],"acf":[],"amp_enabled":true,"_links":{"self":[{"href":"https:\/\/investnews.com.br\/inv-api\/wp\/v2\/posts\/562698","targetHints":{"allow":["GET"]}}],"collection":[{"href":"https:\/\/investnews.com.br\/inv-api\/wp\/v2\/posts"}],"about":[{"href":"https:\/\/investnews.com.br\/inv-api\/wp\/v2\/types\/post"}],"author":[{"embeddable":true,"href":"https:\/\/investnews.com.br\/inv-api\/wp\/v2\/users\/61"}],"replies":[{"embeddable":true,"href":"https:\/\/investnews.com.br\/inv-api\/wp\/v2\/comments?post=562698"}],"version-history":[{"count":2,"href":"https:\/\/investnews.com.br\/inv-api\/wp\/v2\/posts\/562698\/revisions"}],"predecessor-version":[{"id":562706,"href":"https:\/\/investnews.com.br\/inv-api\/wp\/v2\/posts\/562698\/revisions\/562706"}],"wp:attachment":[{"href":"https:\/\/investnews.com.br\/inv-api\/wp\/v2\/media?parent=562698"}],"wp:term":[{"taxonomy":"category","embeddable":true,"href":"https:\/\/investnews.com.br\/inv-api\/wp\/v2\/categories?post=562698"},{"taxonomy":"post_tag","embeddable":true,"href":"https:\/\/investnews.com.br\/inv-api\/wp\/v2\/tags?post=562698"},{"taxonomy":"autor-wsj","embeddable":true,"href":"https:\/\/investnews.com.br\/inv-api\/wp\/v2\/autor-wsj?post=562698"},{"taxonomy":"author","embeddable":true,"href":"https:\/\/investnews.com.br\/inv-api\/wp\/v2\/coauthors?post=562698"}],"curies":[{"name":"wp","href":"https:\/\/api.w.org\/{rel}","templated":true}]}}