{"id":562834,"date":"2024-03-13T12:34:33","date_gmt":"2024-03-13T15:34:33","guid":{"rendered":"https:\/\/investnews.com.br\/?p=562834"},"modified":"2024-03-13T12:37:26","modified_gmt":"2024-03-13T15:37:26","slug":"trabucco-assume-presidencia-da-febraban","status":"publish","type":"post","link":"https:\/\/investnews.com.br\/financas\/trabucco-assume-presidencia-da-febraban\/","title":{"rendered":"Trabucco assume presid\u00eancia da Febraban"},"content":{"rendered":"\n<p>A Federa\u00e7\u00e3o Brasileira de Bancos (Febraban)\u00a0anunciou que o presidente do Conselho de Administra\u00e7\u00e3o do <strong>Bradesco<\/strong> (<a href=\"https:\/\/investnews.com.br\/cotacao\/bbdc4-bco-bradesco\/\">BBDC4 BBDC3<\/a>),\u00a0<strong>Luiz Carlos Trabuco Cappi<\/strong>, assumiu nesta quarta-feira (13) o cargo de presidente do Conselho Diretor da entidade. Ele substitui\u00a0<strong>Octavio de Lazari Junior<\/strong>, economista e ex-CEO do Bradesco.<\/p>\n\n\n\n<p>A Febraban reiterou em nota que a mudan\u00e7a faz parte do processo natural de altern\u00e2ncia no comando da mais alta esfera de decis\u00e3o da entidade, respons\u00e1vel por sua condu\u00e7\u00e3o estrat\u00e9gica.<\/p>\n\n\n\n<p>A Febraban destacou que Lazari foi respons\u00e1vel por consolidar e aprimorar as mudan\u00e7as na entidade. <\/p>\n\n\n\n<p>Em nota, Trabuco mencionou que ao mesmo tempo que o setor banc\u00e1rio se volta para ser a alavanca de desenvolvimento econ\u00f4mico do pa\u00eds, o foco tamb\u00e9m est\u00e1 &#8220;nas transforma\u00e7\u00f5es tecnol\u00f3gicas, no aumento da concorr\u00eancia e em atender a uma sociedade cada vez mais exigente quanto \u00e0 qualidade de servi\u00e7os e o compromisso com a diversidade e a sustentabilidade\u201d. <\/p>\n","protected":false},"excerpt":{"rendered":"<p>Executivo substitui\u00a0Octavio de Lazari Junior.<\/p>\n","protected":false},"author":53,"featured_media":2236,"comment_status":"closed","ping_status":"open","sticky":false,"template":"","format":"standard","meta":{"_acf_changed":false,"inline_featured_image":false,"footnotes":""},"categories":[4],"tags":[1268,156],"autor-wsj":[],"coauthors":[2433],"class_list":["post-562834","post","type-post","status-publish","format-standard","has-post-thumbnail","hentry","category-financas","tag-bancos-digitais","tag-bradesco"],"acf":[],"amp_enabled":true,"_links":{"self":[{"href":"https:\/\/investnews.com.br\/inv-api\/wp\/v2\/posts\/562834","targetHints":{"allow":["GET"]}}],"collection":[{"href":"https:\/\/investnews.com.br\/inv-api\/wp\/v2\/posts"}],"about":[{"href":"https:\/\/investnews.com.br\/inv-api\/wp\/v2\/types\/post"}],"author":[{"embeddable":true,"href":"https:\/\/investnews.com.br\/inv-api\/wp\/v2\/users\/53"}],"replies":[{"embeddable":true,"href":"https:\/\/investnews.com.br\/inv-api\/wp\/v2\/comments?post=562834"}],"version-history":[{"count":15,"href":"https:\/\/investnews.com.br\/inv-api\/wp\/v2\/posts\/562834\/revisions"}],"predecessor-version":[{"id":562850,"href":"https:\/\/investnews.com.br\/inv-api\/wp\/v2\/posts\/562834\/revisions\/562850"}],"wp:featuredmedia":[{"embeddable":true,"href":"https:\/\/investnews.com.br\/inv-api\/wp\/v2\/media\/2236"}],"wp:attachment":[{"href":"https:\/\/investnews.com.br\/inv-api\/wp\/v2\/media?parent=562834"}],"wp:term":[{"taxonomy":"category","embeddable":true,"href":"https:\/\/investnews.com.br\/inv-api\/wp\/v2\/categories?post=562834"},{"taxonomy":"post_tag","embeddable":true,"href":"https:\/\/investnews.com.br\/inv-api\/wp\/v2\/tags?post=562834"},{"taxonomy":"autor-wsj","embeddable":true,"href":"https:\/\/investnews.com.br\/inv-api\/wp\/v2\/autor-wsj?post=562834"},{"taxonomy":"author","embeddable":true,"href":"https:\/\/investnews.com.br\/inv-api\/wp\/v2\/coauthors?post=562834"}],"curies":[{"name":"wp","href":"https:\/\/api.w.org\/{rel}","templated":true}]}}