{"id":563129,"date":"2024-03-14T16:22:50","date_gmt":"2024-03-14T19:22:50","guid":{"rendered":"https:\/\/investnews.com.br\/?p=563129"},"modified":"2024-03-14T16:22:52","modified_gmt":"2024-03-14T19:22:52","slug":"hypera-ve-crescimento-de-um-digito-alto-em-vendas-sell-out-no-1o-tri","status":"publish","type":"post","link":"https:\/\/investnews.com.br\/financas\/hypera-ve-crescimento-de-um-digito-alto-em-vendas-sell-out-no-1o-tri\/","title":{"rendered":"Hypera v\u00ea crescimento de um d\u00edgito alto em vendas &#8220;sell out&#8221; no 1\u00ba tri"},"content":{"rendered":"<p>Por Alberto Alerigi<\/p>\n<p>S\u00c3O PAULO (Reuters) &#8211;     A Hypera, maior grupo farmac\u00eautico do pa\u00eds, viu vendas no primeiro bimestre nos canais entre farm\u00e1cias e consumidores crescendo &#8220;dois d\u00edgitos baixos&#8221; sobre um ano antes, mas uma desacelera\u00e7\u00e3o sazonal em mar\u00e7o deve fazer o trimestre encerrar com crescimento de um d\u00edgito alto, afirmou o presidente-executivo da companhia, Breno de Oliveira, nesta quinta-feira.<\/p>\n<p>&#8220;Com o ajuste de mar\u00e7o, o acumulado do trimestre deve ser &#8216;high single digit'&#8221; para o chamado &#8220;sell out&#8221;, afirmou o executivo em confer\u00eancia com analistas, ap\u00f3s a publica\u00e7\u00e3o na noite da v\u00e9spera dos resultados da companhia no quarto trimestre, que mostraram queda de 28,7% no <a href=\"https:\/\/investnews.com.br\/guias\/lucro-liquido\/\">lucro l\u00edquido<\/a> do per\u00edodo sobre um ano antes.<\/p>\n<p>O executivo explicou que o crescimento &#8220;mais forte&#8221; no primeiro bimestre est\u00e1 dentro do esperado pela companhia diante de uma base de compara\u00e7\u00e3o mais fraca com um ano antes e que em mar\u00e7o a desacelera\u00e7\u00e3o decorre de um reajuste menor nos pre\u00e7os dos medicamentos al\u00e9m de um per\u00edodo de dias \u00fateis de comercializa\u00e7\u00e3o tamb\u00e9m menor que um ano antes.<\/p>\n<p>Segundo Oliveira, em 2023, o reajuste dos medicamentos foi de 5,5% em mar\u00e7o e este ano \u00e9 de 4,5%, o que gera &#8220;tend\u00eancia menor de estocagem dos clientes&#8221; ante do aumento. Apesar disso, ele afirmou que depois do crescimento do mercado farmac\u00eautico brasileiro em 10% em 2023, o setor deve continuar crescendo &#8220;nesse patamar no m\u00e9dio prazo&#8221;.<\/p>\n<p>Por sua vez, o diretor de rela\u00e7\u00f5es com investidores da companhia, Adalmario Couto, afirmou que a Hypera espera um &#8220;sell in&#8221;, a venda para as farm\u00e1cias e clientes empresariais da companhia, &#8220;seja mais fraca no primeiro semestre, sendo mais forte no segundo, o inverso do que aconteceu em 2023&#8221;.<\/p>\n<p>\u00c0s 14h35, as a\u00e7\u00f5es da Hypera, que det\u00e9m marcas de medicamentos como Dramin, Buscopan, Coristina e Neosaldina, tombavam 3,8%, a 32,75 reais, enquanto o Ibovespa mostrava queda de 0,6%.<\/p>\n<p>Analistas do Ita\u00fa BBA consideraram que os resultados da Hypera no quarto trimestre ficaram &#8220;bem abaixo das nossas expectativas&#8221;, embora tenham visto sinais de um in\u00edcio de ano melhor para a empresa. J\u00e1 a equipe do BB Investimentos comentou que a maior exposi\u00e7\u00e3o da farmac\u00eautica \u00e0 categoria de antigripais pesou no resultado, fazendo a empresa ficar abaixo da proje\u00e7\u00e3o de desempenho para o ano.<\/p>\n<p>Na teleconfer\u00eancia, Oliveira afirmou que a Hypera est\u00e1 &#8220;um pouco mais cautelosa&#8221; sobre a temporada de inverno no Brasil este ano, diante das incertezas geradas pelo fen\u00f4meno El Ni\u00f1o sobre o clima.<\/p>\n<p>Questionado sobre a explos\u00e3o de casos de dengue no Brasil, que tenderia a elevar a procura por medicamentos antit\u00e9rmicos e para dor, o presidente da Hypera afirmou que a companhia ainda &#8220;n\u00e3o viu grande impacto em nosso portf\u00f3lio&#8221;.<\/p>\n<p>O executivo afirmou ainda que o n\u00edvel de competi\u00e7\u00e3o no segmento de gen\u00e9ricos cresceu, &#8220;mas por conta do n\u00edvel de estoque dos concorrentes que leva a uma press\u00e3o sobre algumas mol\u00e9culas e faz com que busquem uma venda maior para evitarem descartes&#8221;.<\/p>\n","protected":false},"excerpt":{"rendered":"<p>Por Alberto Alerigi S\u00c3O PAULO (Reuters) &#8211; A Hypera, maior grupo farmac\u00eautico do pa\u00eds, viu vendas no primeiro bimestre nos canais entre farm\u00e1cias e consumidores crescendo &#8220;dois d\u00edgitos baixos&#8221; sobre um ano antes, mas uma desacelera\u00e7\u00e3o sazonal em mar\u00e7o deve fazer o trimestre encerrar com crescimento de um d\u00edgito alto, afirmou o presidente-executivo da companhia, [&hellip;]<\/p>\n","protected":false},"author":61,"featured_media":0,"comment_status":"closed","ping_status":"open","sticky":false,"template":"","format":"standard","meta":{"_acf_changed":false,"inline_featured_image":false,"footnotes":""},"categories":[4],"tags":[119,102288],"autor-wsj":[],"coauthors":[2494],"class_list":["post-563129","post","type-post","status-publish","format-standard","hentry","category-financas","tag-hype3","tag-reuters"],"acf":[],"amp_enabled":true,"_links":{"self":[{"href":"https:\/\/investnews.com.br\/inv-api\/wp\/v2\/posts\/563129","targetHints":{"allow":["GET"]}}],"collection":[{"href":"https:\/\/investnews.com.br\/inv-api\/wp\/v2\/posts"}],"about":[{"href":"https:\/\/investnews.com.br\/inv-api\/wp\/v2\/types\/post"}],"author":[{"embeddable":true,"href":"https:\/\/investnews.com.br\/inv-api\/wp\/v2\/users\/61"}],"replies":[{"embeddable":true,"href":"https:\/\/investnews.com.br\/inv-api\/wp\/v2\/comments?post=563129"}],"version-history":[{"count":2,"href":"https:\/\/investnews.com.br\/inv-api\/wp\/v2\/posts\/563129\/revisions"}],"predecessor-version":[{"id":563146,"href":"https:\/\/investnews.com.br\/inv-api\/wp\/v2\/posts\/563129\/revisions\/563146"}],"wp:attachment":[{"href":"https:\/\/investnews.com.br\/inv-api\/wp\/v2\/media?parent=563129"}],"wp:term":[{"taxonomy":"category","embeddable":true,"href":"https:\/\/investnews.com.br\/inv-api\/wp\/v2\/categories?post=563129"},{"taxonomy":"post_tag","embeddable":true,"href":"https:\/\/investnews.com.br\/inv-api\/wp\/v2\/tags?post=563129"},{"taxonomy":"autor-wsj","embeddable":true,"href":"https:\/\/investnews.com.br\/inv-api\/wp\/v2\/autor-wsj?post=563129"},{"taxonomy":"author","embeddable":true,"href":"https:\/\/investnews.com.br\/inv-api\/wp\/v2\/coauthors?post=563129"}],"curies":[{"name":"wp","href":"https:\/\/api.w.org\/{rel}","templated":true}]}}