{"id":564416,"date":"2024-03-20T12:31:04","date_gmt":"2024-03-20T15:31:04","guid":{"rendered":"https:\/\/investnews.com.br\/?p=564416"},"modified":"2024-03-20T12:31:06","modified_gmt":"2024-03-20T15:31:06","slug":"consulta-publica-sobre-privatizacao-da-sabesp-recebe-cerca-de-1-000-contribuicoes","status":"publish","type":"post","link":"https:\/\/investnews.com.br\/economia\/consulta-publica-sobre-privatizacao-da-sabesp-recebe-cerca-de-1-000-contribuicoes\/","title":{"rendered":"Consulta p\u00fablica sobre privatiza\u00e7\u00e3o da Sabesp recebe cerca de 1.000 contribui\u00e7\u00f5es"},"content":{"rendered":"<p>S\u00c3O PAULO (Reuters) &#8211;     O governo do Estado de S\u00e3o Paulo afirmou nesta quarta-feira que a consulta p\u00fablica sobre a privatiza\u00e7\u00e3o da Sabesp, maior empresa de saneamento b\u00e1sico do Brasil, recebeu 976 contribui\u00e7\u00f5es, segundo comunicado \u00e0 imprensa.<\/p>\n<p>O comunicado foi divulgado um dia depois que o projeto que permite a desestatiza\u00e7\u00e3o da companhia foi apresentado na C\u00e2mara Municipal de S\u00e3o Paulo pela prefeitura, uma etapa importante do processo de privatiza\u00e7\u00e3o j\u00e1 que a capital paulista representa 45% das receitas da Sabesp, segundo analistas do Ita\u00fa BBA.<\/p>\n<p>Segundo o governo estadual, &#8220;as contribui\u00e7\u00f5es ser\u00e3o consolidadas e analisadas. As sugest\u00f5es que trouxerem melhorias relevantes para que a desestatiza\u00e7\u00e3o alcance seus objetivos ser\u00e3o integradas \u00e0 minuta final dos documentos&#8221;. O governo n\u00e3o deu exemplos, no comunicado, das sugest\u00f5es que poder\u00e3o ser incorporadas.<\/p>\n<p>(Por Alberto Alerigi Jr.)<\/p>\n","protected":false},"excerpt":{"rendered":"<p>S\u00c3O PAULO (Reuters) &#8211; O governo do Estado de S\u00e3o Paulo afirmou nesta quarta-feira que a consulta p\u00fablica sobre a privatiza\u00e7\u00e3o da Sabesp, maior empresa de saneamento b\u00e1sico do Brasil, recebeu 976 contribui\u00e7\u00f5es, segundo comunicado \u00e0 imprensa. O comunicado foi divulgado um dia depois que o projeto que permite a desestatiza\u00e7\u00e3o da companhia foi apresentado [&hellip;]<\/p>\n","protected":false},"author":61,"featured_media":0,"comment_status":"closed","ping_status":"open","sticky":false,"template":"","format":"standard","meta":{"_acf_changed":false,"inline_featured_image":false,"footnotes":""},"categories":[5],"tags":[201,102288],"autor-wsj":[],"coauthors":[2494],"class_list":["post-564416","post","type-post","status-publish","format-standard","hentry","category-economia","tag-sabesp","tag-reuters"],"acf":[],"amp_enabled":true,"_links":{"self":[{"href":"https:\/\/investnews.com.br\/inv-api\/wp\/v2\/posts\/564416","targetHints":{"allow":["GET"]}}],"collection":[{"href":"https:\/\/investnews.com.br\/inv-api\/wp\/v2\/posts"}],"about":[{"href":"https:\/\/investnews.com.br\/inv-api\/wp\/v2\/types\/post"}],"author":[{"embeddable":true,"href":"https:\/\/investnews.com.br\/inv-api\/wp\/v2\/users\/61"}],"replies":[{"embeddable":true,"href":"https:\/\/investnews.com.br\/inv-api\/wp\/v2\/comments?post=564416"}],"version-history":[{"count":2,"href":"https:\/\/investnews.com.br\/inv-api\/wp\/v2\/posts\/564416\/revisions"}],"predecessor-version":[{"id":564439,"href":"https:\/\/investnews.com.br\/inv-api\/wp\/v2\/posts\/564416\/revisions\/564439"}],"wp:attachment":[{"href":"https:\/\/investnews.com.br\/inv-api\/wp\/v2\/media?parent=564416"}],"wp:term":[{"taxonomy":"category","embeddable":true,"href":"https:\/\/investnews.com.br\/inv-api\/wp\/v2\/categories?post=564416"},{"taxonomy":"post_tag","embeddable":true,"href":"https:\/\/investnews.com.br\/inv-api\/wp\/v2\/tags?post=564416"},{"taxonomy":"autor-wsj","embeddable":true,"href":"https:\/\/investnews.com.br\/inv-api\/wp\/v2\/autor-wsj?post=564416"},{"taxonomy":"author","embeddable":true,"href":"https:\/\/investnews.com.br\/inv-api\/wp\/v2\/coauthors?post=564416"}],"curies":[{"name":"wp","href":"https:\/\/api.w.org\/{rel}","templated":true}]}}