{"id":566612,"date":"2024-03-27T07:42:26","date_gmt":"2024-03-27T10:42:26","guid":{"rendered":"https:\/\/investnews.com.br\/?p=566612"},"modified":"2024-03-27T08:00:52","modified_gmt":"2024-03-27T11:00:52","slug":"conselho-aprova-uso-do-fgts-futuro-para-aquisicao-da-casa-propria","status":"publish","type":"post","link":"https:\/\/investnews.com.br\/economia\/conselho-aprova-uso-do-fgts-futuro-para-aquisicao-da-casa-propria\/","title":{"rendered":"Conselho aprova uso do FGTS Futuro para aquisi\u00e7\u00e3o da casa pr\u00f3pria"},"content":{"rendered":"<p>S\u00c3O PAULO (Reuters) &#8211; O Conselho Curador do Fundo de Garantia por Tempo e Servi\u00e7o (<a href=\"https:\/\/investnews.com.br\/guias\/fgts-como-funciona-como-sacar\/\">FGTS<\/a>) aprovou nesta ter\u00e7a-feira (26) o direito ao uso de dep\u00f3sitos futuros do FGTS para liquida\u00e7\u00e3o, <a href=\"https:\/\/investnews.com.br\/guias\/amortizacao-o-que-e\/\">amortiza\u00e7\u00e3o<\/a> ou pagamento de parte das presta\u00e7\u00f5es decorrentes de financiamento habitacional, o chamado FGTS Futuro.<\/p>\n<p>O FGTS Futuro facilita o acesso de fam\u00edlias de renda baixa ao cr\u00e9dito habitacional, uma vez que o valor depositado mensalmente poder\u00e1 ser utilizado para ampliar a capacidade de financiamento.<\/p>\n<p>Segundo apresenta\u00e7\u00e3o do Conselho Curador &#8211; formado por representantes de trabalhadores, empregadores e governo &#8211; a medida tem potencial de incluir por ano no cr\u00e9dito habitacional 31 mil fam\u00edlias com renda mensal de at\u00e9 2.640 reais, que se enquadram na Faixa 1 do programa Minha Casa, Minha Vida, al\u00e9m de melhorar as condi\u00e7\u00f5es do cr\u00e9dito habitacional de outras 12.100 fam\u00edlias.<\/p>\n<p>&#8220;A medida possibilitar\u00e1 que as fam\u00edlias da Faixa 1 do MCMV que possuem emprego formal possam suprir sua capacidade de financiamento no ato de aquisi\u00e7\u00e3o de uma unidade habitacional a partir da utiliza\u00e7\u00e3o dos dep\u00f3sitos que ser\u00e3o feitos em sua conta pelo empregador&#8221;, afirmou o Minist\u00e9rio das Cidades em nota.<\/p>\n<p>O valor das presta\u00e7\u00f5es n\u00e3o pode ultrapassar 30% do or\u00e7amento da fam\u00edlia. Em caso de demiss\u00e3o, a Caixa Econ\u00f4mica Federal prev\u00ea a possibilidade de incorpora\u00e7\u00e3o do valor devido ao saldo devedor da opera\u00e7\u00e3o por at\u00e9 6 meses sequenciais.<\/p>\n<p>No caso de demiss\u00e3o do tomador desse tipo de financiamento, os dep\u00f3sitos futuros deixar\u00e3o de ser efetuados, acrescentou.<\/p>\n<p>&#8220;Nesse cen\u00e1rio, por exemplo, caso o valor correspondente aos dep\u00f3sitos seja de 200 reais, em caso de demiss\u00e3o, ele ser\u00e1 incorporado ao saldo devedor do contrato por um per\u00edodo de at\u00e9 6 meses&#8221;, explicou o minist\u00e9rio.<\/p>\n<p>&#8220;Assim, se o saldo devedor inicialmente era de 30 mil reais, ap\u00f3s a demiss\u00e3o, o saldo passar\u00e1 a ser de 30.200 reais no primeiro m\u00eas e assim sucessivamente.&#8221;<\/p>\n<p>O impacto para o FGTS da n\u00e3o devolu\u00e7\u00e3o dos descontos, segundo estimativa do agente operador, \u00e9 de 11,4 milh\u00f5es de reais por ano, o que representa 0,11% do or\u00e7amento atual.<\/p>\n<p>Para Maria Henriqueta Arantes Ferreira Alves, representante da C\u00e2mara Brasileira da Ind\u00fastria da Constru\u00e7\u00e3o (Cbic) no Conselho Curador do FGTS, deve-se discutir a condi\u00e7\u00e3o do or\u00e7amento aprovado, dada a alta demanda por financiamento.<\/p>\n<p>&#8220;A demanda est\u00e1 muito forte, se ela mantiver o ritmo que veio em janeiro e fevereiro, o recurso n\u00e3o chega ao final do ano&#8221;, afirmou, defendendo dar maior prioridade \u00e0 compra de im\u00f3veis novos.<\/p>\n<p>O FGTS aprovou no ano passado or\u00e7amento de 105 bilh\u00f5es de reais para habita\u00e7\u00e3o em 2024, sendo 97,15 bilh\u00f5es direcionados para habita\u00e7\u00e3o popular, com meta de contratar cerca de 339 mil moradias via MCMV.<\/p>\n<p>(Reportagem de Patricia Vilas BoasEdi\u00e7\u00e3o de Pedro Fonseca e Fabr\u00edcio de Castro)<\/p>\n","protected":false},"excerpt":{"rendered":"<p>O valor das presta\u00e7\u00f5es n\u00e3o pode ultrapassar 30% do or\u00e7amento da fam\u00edlia<\/p>\n","protected":false},"author":61,"featured_media":414632,"comment_status":"closed","ping_status":"open","sticky":false,"template":"","format":"standard","meta":{"_acf_changed":false,"inline_featured_image":false,"footnotes":""},"categories":[5],"tags":[102288],"autor-wsj":[],"coauthors":[2494],"class_list":["post-566612","post","type-post","status-publish","format-standard","has-post-thumbnail","hentry","category-economia","tag-reuters"],"acf":[],"amp_enabled":true,"_links":{"self":[{"href":"https:\/\/investnews.com.br\/inv-api\/wp\/v2\/posts\/566612","targetHints":{"allow":["GET"]}}],"collection":[{"href":"https:\/\/investnews.com.br\/inv-api\/wp\/v2\/posts"}],"about":[{"href":"https:\/\/investnews.com.br\/inv-api\/wp\/v2\/types\/post"}],"author":[{"embeddable":true,"href":"https:\/\/investnews.com.br\/inv-api\/wp\/v2\/users\/61"}],"replies":[{"embeddable":true,"href":"https:\/\/investnews.com.br\/inv-api\/wp\/v2\/comments?post=566612"}],"version-history":[{"count":5,"href":"https:\/\/investnews.com.br\/inv-api\/wp\/v2\/posts\/566612\/revisions"}],"predecessor-version":[{"id":566659,"href":"https:\/\/investnews.com.br\/inv-api\/wp\/v2\/posts\/566612\/revisions\/566659"}],"wp:featuredmedia":[{"embeddable":true,"href":"https:\/\/investnews.com.br\/inv-api\/wp\/v2\/media\/414632"}],"wp:attachment":[{"href":"https:\/\/investnews.com.br\/inv-api\/wp\/v2\/media?parent=566612"}],"wp:term":[{"taxonomy":"category","embeddable":true,"href":"https:\/\/investnews.com.br\/inv-api\/wp\/v2\/categories?post=566612"},{"taxonomy":"post_tag","embeddable":true,"href":"https:\/\/investnews.com.br\/inv-api\/wp\/v2\/tags?post=566612"},{"taxonomy":"autor-wsj","embeddable":true,"href":"https:\/\/investnews.com.br\/inv-api\/wp\/v2\/autor-wsj?post=566612"},{"taxonomy":"author","embeddable":true,"href":"https:\/\/investnews.com.br\/inv-api\/wp\/v2\/coauthors?post=566612"}],"curies":[{"name":"wp","href":"https:\/\/api.w.org\/{rel}","templated":true}]}}