{"id":567179,"date":"2024-03-28T19:11:22","date_gmt":"2024-03-28T22:11:22","guid":{"rendered":"https:\/\/investnews.com.br\/?p=567179"},"modified":"2024-03-28T19:11:24","modified_gmt":"2024-03-28T22:11:24","slug":"presidente-do-conselho-da-arezzo-renuncia","status":"publish","type":"post","link":"https:\/\/investnews.com.br\/economia\/presidente-do-conselho-da-arezzo-renuncia\/","title":{"rendered":"Presidente do conselho da Arezzo renuncia"},"content":{"rendered":"<p>(Reuters) &#8211; O presidente do conselho da Arezzo, Alessandro Giuseppe Carlucci, apresentou sua carta de ren\u00fancia, com efeito a partir de 1\u00ba de maio, informou a companhia de vestu\u00e1rio em comunicado nesta quinta-feira.<\/p>\n<p>A administra\u00e7\u00e3o da Arezzo ir\u00e1 levar para delibera\u00e7\u00e3o dos acionistas a elei\u00e7\u00e3o do atual vice-presidente do conselho, Jos\u00e9 Ernesto Beni Bolonha, para ocupar o cargo de Carlucci.<\/p>\n<p>Para a posi\u00e7\u00e3o de vice-presidente do colegiado, a Arezzo vai indicar Guilherme Affonso Ferreira, acrescentou a empresa no documento.<\/p>\n<p>A Arezzo anunciou no in\u00edcio deste ano sua uni\u00e3o com a empresa de moda Grupo Soma, cuja aprova\u00e7\u00e3o foi recomendada na ter\u00e7a-feira pela Superintend\u00eancia-Geral do Conselho Administrativo de Defesa Econ\u00f4mica (Cade).<\/p>\n<p>(Reportagem de Patricia Vilas Boas)<\/p>\n","protected":false},"excerpt":{"rendered":"<p>(Reuters) &#8211; O presidente do conselho da Arezzo, Alessandro Giuseppe Carlucci, apresentou sua carta de ren\u00fancia, com efeito a partir de 1\u00ba de maio, informou a companhia de vestu\u00e1rio em comunicado nesta quinta-feira. A administra\u00e7\u00e3o da Arezzo ir\u00e1 levar para delibera\u00e7\u00e3o dos acionistas a elei\u00e7\u00e3o do atual vice-presidente do conselho, Jos\u00e9 Ernesto Beni Bolonha, para [&hellip;]<\/p>\n","protected":false},"author":61,"featured_media":253071,"comment_status":"closed","ping_status":"open","sticky":false,"template":"","format":"standard","meta":{"_acf_changed":false,"inline_featured_image":false,"footnotes":""},"categories":[5],"tags":[2299,102288,376],"autor-wsj":[],"coauthors":[2494],"class_list":["post-567179","post","type-post","status-publish","format-standard","has-post-thumbnail","hentry","category-economia","tag-arezzo","tag-reuters","tag-varejo"],"acf":[],"amp_enabled":true,"_links":{"self":[{"href":"https:\/\/investnews.com.br\/inv-api\/wp\/v2\/posts\/567179","targetHints":{"allow":["GET"]}}],"collection":[{"href":"https:\/\/investnews.com.br\/inv-api\/wp\/v2\/posts"}],"about":[{"href":"https:\/\/investnews.com.br\/inv-api\/wp\/v2\/types\/post"}],"author":[{"embeddable":true,"href":"https:\/\/investnews.com.br\/inv-api\/wp\/v2\/users\/61"}],"replies":[{"embeddable":true,"href":"https:\/\/investnews.com.br\/inv-api\/wp\/v2\/comments?post=567179"}],"version-history":[{"count":2,"href":"https:\/\/investnews.com.br\/inv-api\/wp\/v2\/posts\/567179\/revisions"}],"predecessor-version":[{"id":567183,"href":"https:\/\/investnews.com.br\/inv-api\/wp\/v2\/posts\/567179\/revisions\/567183"}],"wp:featuredmedia":[{"embeddable":true,"href":"https:\/\/investnews.com.br\/inv-api\/wp\/v2\/media\/253071"}],"wp:attachment":[{"href":"https:\/\/investnews.com.br\/inv-api\/wp\/v2\/media?parent=567179"}],"wp:term":[{"taxonomy":"category","embeddable":true,"href":"https:\/\/investnews.com.br\/inv-api\/wp\/v2\/categories?post=567179"},{"taxonomy":"post_tag","embeddable":true,"href":"https:\/\/investnews.com.br\/inv-api\/wp\/v2\/tags?post=567179"},{"taxonomy":"autor-wsj","embeddable":true,"href":"https:\/\/investnews.com.br\/inv-api\/wp\/v2\/autor-wsj?post=567179"},{"taxonomy":"author","embeddable":true,"href":"https:\/\/investnews.com.br\/inv-api\/wp\/v2\/coauthors?post=567179"}],"curies":[{"name":"wp","href":"https:\/\/api.w.org\/{rel}","templated":true}]}}