{"id":568901,"date":"2024-04-08T14:41:48","date_gmt":"2024-04-08T17:41:48","guid":{"rendered":"https:\/\/investnews.com.br\/?p=568901"},"modified":"2024-04-08T15:52:18","modified_gmt":"2024-04-08T18:52:18","slug":"montadoras-de-veiculos-veem-mercado-interno-aquecido-mas-exportacao-recua","status":"publish","type":"post","link":"https:\/\/investnews.com.br\/economia\/montadoras-de-veiculos-veem-mercado-interno-aquecido-mas-exportacao-recua\/","title":{"rendered":"Montadoras de ve\u00edculos veem mercado interno aquecido, mas exporta\u00e7\u00e3o cai"},"content":{"rendered":"<p>S\u00c3O PAULO (Reuters) &#8211; As vendas de ve\u00edculos novos no in\u00edcio de abril foram as melhores para o m\u00eas desde 2014, e montadoras avaliam que o desempenho \u00e9 um indicativo de tend\u00eancia de recupera\u00e7\u00e3o do mercado interno auxiliado pela queda de juros, embora as exporta\u00e7\u00f5es sigam enfrentando fraqueza.<\/p>\n<p>Os licenciamentos da primeira semana do m\u00eas foram equivalentes a uma m\u00e9dia por dia \u00fatil de 10,6 mil unidades, acima das vendas di\u00e1rias de 9,4 mil ve\u00edculos de mar\u00e7o, que por sua vez marcaram o maior movimento do primeiro trimestre, segundo dados divulgados nesta segunda-feira pela associa\u00e7\u00e3o de montadoras, Anfavea.<\/p>\n<p>&#8220;A primeira semana de abril foi a melhor para o m\u00eas desde 2014&#8221;, disse o presidente da entidade, M\u00e1rcio de Lima Leite, a jornalistas. &#8220;Isso marca uma tend\u00eancia de mercado que realmente tem mostrado crescimento&#8221;, acrescentou.<\/p>\n<p>Apesar do crescimento, a Anfavea por ora segue mantendo a previs\u00e3o de que o mercado interno vai ter vendas 7% maiores em 2024, previs\u00e3o que \u00e9 bem menor que a expectativa de crescimento de 12% dos concession\u00e1rios de ve\u00edculos reunidos sob a Fenabrave.<\/p>\n<p>No primeiro trimestre, as vendas de ve\u00edculos novos cresceram 9,1%, para 514,6 mil carros, comerciais leves, caminh\u00f5es e \u00f4nibus, informou a Anfavea mais cedo.<\/p>\n<p>A produ\u00e7\u00e3o, por\u00e9m, estacionou. O volume de ve\u00edculos montados no pa\u00eds de janeiro ao fim de mar\u00e7o cresceu apenas 0,4%, a 538 mil unidades, em meio a uma queda de 28% nas exporta\u00e7\u00f5es e um crescimento de 38% nas importa\u00e7\u00f5es, para cerca de 90 mil ve\u00edculos.<\/p>\n<p>A queda nas exporta\u00e7\u00f5es veio com um tombo de 54% nas vendas externas para o M\u00e9xico em mar\u00e7o, algo que Leite afirmou se tratar de um efeito sazonal, uma vez que o pa\u00eds tem sido o principal mercado da ind\u00fastria brasileira de ve\u00edculos h\u00e1 v\u00e1rios meses, superando a Argentina, que historicamente \u00e9 o maior destino das montadoras locais.<\/p>\n<p>J\u00e1 as importa\u00e7\u00f5es t\u00eam sido impulsionadas pelo aumento gradual da tributa\u00e7\u00e3o dos modelos h\u00edbridos e el\u00e9tricos desde o in\u00edcio deste ano.<\/p>\n<p>A Reuters publicou na semana passada que, entre janeiro e mar\u00e7o, as importa\u00e7\u00f5es de carros aumentaram 46,4% em rela\u00e7\u00e3o ao mesmo per\u00edodo do ano passado, atingindo 1,5 bilh\u00e3o de d\u00f3lares, segundo dados do Minist\u00e9rio do Desenvolvimento. S\u00f3 os ve\u00edculos chineses, principalmente el\u00e9tricos e h\u00edbridos, representaram cerca de 40% do total, com suas importa\u00e7\u00f5es aumentando 450% em compara\u00e7\u00e3o com o mesmo trimestre de 2023.<\/p>\n<p>A participa\u00e7\u00e3o de ve\u00edculos el\u00e9tricos e h\u00edbridos subiu para 7,5% no primeiro trimestre ante 4,3% no final de 2023, sendo equivalente a 36 mil unidades, pouco menos de um ter\u00e7o do total dessa categoria licenciada em todo o ano passado.<\/p>\n<p>Com a produ\u00e7\u00e3o est\u00e1vel, os estoques de ve\u00edculos novos \u00e0 espera de compradores fecharam mar\u00e7o em 222,3 mil unidades ante 217,6 mil em fevereiro, distantes de n\u00edveis pr\u00e9-pandemia de entre 330 mil e 340 mil unidades, segundo os dados da Anfavea.<\/p>\n<p>Esse volume n\u00e3o inclui os cerca de 20 mil a 30 mil ve\u00edculos h\u00edbridos e \u00e0 combust\u00e3o que est\u00e3o em portos esperando libera\u00e7\u00e3o ambiental de fiscais do Ibama, que est\u00e3o em greve desde o in\u00edcio do ano, estimou o presidente da Anfavea, citando que a situa\u00e7\u00e3o tamb\u00e9m tem afetado as exporta\u00e7\u00f5es do setor.<\/p>\n<p>Questionado quando o setor poder\u00e1 ver a publica\u00e7\u00e3o final de todo o conjunto regulat\u00f3rio do programa automotivo Mover, lan\u00e7ado via medida provis\u00f3ria do governo federal no final de dezembro, o diretor executivo Igor Calvet, afirmou que &#8220;at\u00e9 o final de maio teremos a publica\u00e7\u00e3o plena&#8221;. Calvet se referiu \u00e0 aprova\u00e7\u00e3o da MP do Mover no Congresso e o projeto de lei sobre o programa.<\/p>\n<p>Uma portaria do governo publicada no final de mar\u00e7o j\u00e1 trouxe algumas das regras, mas o chamado &#8220;IPI Verde&#8221;, que dar\u00e1 vantagens tribut\u00e1rias para as empresas que produzirem, por exemplo, ve\u00edculos mais eficientes em termos de consumo energ\u00e9tico, &#8220;deve ter uma solu\u00e7\u00e3o nas pr\u00f3ximas semanas&#8221;, disse Calvet.<\/p>\n<p>MAR\u00c7O<\/p>\n<p>Considerando apenas mar\u00e7o, a produ\u00e7\u00e3o cresceu 3,2% ante fevereiro, a 195,8 mil ve\u00edculos, tendo o melhor desempenho desde novembro. O destaque foi o volume montado de caminh\u00f5es, 11,2 mil, o mais alto em 12 meses, aproximando o segmento de seu &#8220;patamar normal de mercado&#8221;, segundo a Anfavea. Al\u00e9m disso, a produ\u00e7\u00e3o de \u00f4nibus subiu 61,6%, para 2,6 mil, impulsionada por ano eleitoral e programas federais como Caminho da Escola.<\/p>\n<p>Mas na compara\u00e7\u00e3o com mar\u00e7o de 2023, a produ\u00e7\u00e3o recuou 11,8%.<\/p>\n<p>As vendas totais de ve\u00edculos em mar\u00e7o avan\u00e7aram 13,6% na compara\u00e7\u00e3o mensal e recuaram 5,7% na anual, para 187,7 mil unidades. O m\u00eas passado teve tr\u00eas dias a mais de emplacamentos que mar\u00e7o de 2023, algo que poderia ter gerado vendas adicionais de 27 mil ve\u00edculos, disse Leite, citando a m\u00e9dia di\u00e1ria de licenciamentos de 9,4 mil unidades.<\/p>\n<p>A Anfavea afirmou que as locadoras, setor que deve comprar mais de 700 mil ve\u00edculos este ano ap\u00f3s 590 mil em 2023, foram respons\u00e1veis por 46% das vendas de carros e comerciais leves em mar\u00e7o.<\/p>\n<p>(Por Alberto Alerigi Jr.; )<\/p>\n","protected":false},"excerpt":{"rendered":"<p>S\u00c3O PAULO (Reuters) &#8211; As vendas de ve\u00edculos novos no in\u00edcio de abril foram as melhores para o m\u00eas desde 2014, e montadoras avaliam que o desempenho \u00e9 um indicativo de tend\u00eancia de recupera\u00e7\u00e3o do mercado interno auxiliado pela queda de juros, embora as exporta\u00e7\u00f5es sigam enfrentando fraqueza. Os licenciamentos da primeira semana do m\u00eas [&hellip;]<\/p>\n","protected":false},"author":61,"featured_media":488880,"comment_status":"closed","ping_status":"closed","sticky":false,"template":"","format":"standard","meta":{"_acf_changed":false,"inline_featured_image":false,"footnotes":""},"categories":[5],"tags":[297,102288],"autor-wsj":[],"coauthors":[2494],"class_list":["post-568901","post","type-post","status-publish","format-standard","has-post-thumbnail","hentry","category-economia","tag-carros","tag-reuters"],"acf":[],"amp_enabled":true,"_links":{"self":[{"href":"https:\/\/investnews.com.br\/inv-api\/wp\/v2\/posts\/568901","targetHints":{"allow":["GET"]}}],"collection":[{"href":"https:\/\/investnews.com.br\/inv-api\/wp\/v2\/posts"}],"about":[{"href":"https:\/\/investnews.com.br\/inv-api\/wp\/v2\/types\/post"}],"author":[{"embeddable":true,"href":"https:\/\/investnews.com.br\/inv-api\/wp\/v2\/users\/61"}],"replies":[{"embeddable":true,"href":"https:\/\/investnews.com.br\/inv-api\/wp\/v2\/comments?post=568901"}],"version-history":[{"count":3,"href":"https:\/\/investnews.com.br\/inv-api\/wp\/v2\/posts\/568901\/revisions"}],"predecessor-version":[{"id":568915,"href":"https:\/\/investnews.com.br\/inv-api\/wp\/v2\/posts\/568901\/revisions\/568915"}],"wp:featuredmedia":[{"embeddable":true,"href":"https:\/\/investnews.com.br\/inv-api\/wp\/v2\/media\/488880"}],"wp:attachment":[{"href":"https:\/\/investnews.com.br\/inv-api\/wp\/v2\/media?parent=568901"}],"wp:term":[{"taxonomy":"category","embeddable":true,"href":"https:\/\/investnews.com.br\/inv-api\/wp\/v2\/categories?post=568901"},{"taxonomy":"post_tag","embeddable":true,"href":"https:\/\/investnews.com.br\/inv-api\/wp\/v2\/tags?post=568901"},{"taxonomy":"autor-wsj","embeddable":true,"href":"https:\/\/investnews.com.br\/inv-api\/wp\/v2\/autor-wsj?post=568901"},{"taxonomy":"author","embeddable":true,"href":"https:\/\/investnews.com.br\/inv-api\/wp\/v2\/coauthors?post=568901"}],"curies":[{"name":"wp","href":"https:\/\/api.w.org\/{rel}","templated":true}]}}