{"id":569663,"date":"2024-04-11T11:22:23","date_gmt":"2024-04-11T14:22:23","guid":{"rendered":"https:\/\/investnews.com.br\/?p=569663"},"modified":"2024-04-11T11:22:25","modified_gmt":"2024-04-11T14:22:25","slug":"italia-convida-brasil-e-outros-paises-para-cupula-do-g7-em-junho","status":"publish","type":"post","link":"https:\/\/investnews.com.br\/economia\/italia-convida-brasil-e-outros-paises-para-cupula-do-g7-em-junho\/","title":{"rendered":"It\u00e1lia convida Brasil e outros pa\u00edses para c\u00fapula do G7 em junho"},"content":{"rendered":"<p>Por Angelo Amante<\/p>\n<p>ROMA (Reuters) &#8211;     A It\u00e1lia planeja convidar l\u00edderes de pa\u00edses da Am\u00e9rica do Sul e da \u00c1frica, incluindo Brasil, Argentina, Egito e Tun\u00edsia, para a c\u00fapula do G7 que sediar\u00e1 em meados de junho, informou uma fonte pr\u00f3xima ao assunto.<\/p>\n<p>O G7 inclui Estados Unidos, Reino Unido, Canad\u00e1, Fran\u00e7a, Alemanha, It\u00e1lia, Jap\u00e3o e a Uni\u00e3o Europeia. A c\u00fapula dos l\u00edderes ser\u00e1 realizada em Borgo Egnazia, um resort na regi\u00e3o da Puglia, no sudeste da It\u00e1lia, de 13 a 15 de junho.<\/p>\n<p>A fonte, que n\u00e3o quis ser identificada devido \u00e0 sensibilidade do assunto, citou a Arg\u00e9lia e o Qu\u00eania entre outros pa\u00edses que receber\u00e3o um convite, junto de representantes da Uni\u00e3o Africana.<\/p>\n<p>Brasil, \u00cdndia e \u00c1frica do Sul devem comparecer na c\u00fapula como membros do G20, disse a fonte, acrescentando que outros pa\u00edses ainda podem ser convidados.<\/p>\n<p>Cr\u00edticos dizem que o G7 funciona apenas como um clube de elite de pa\u00edses ricos. Procurando parecer mais inclusivo e menos indiferente, o G7 tem convidado outros l\u00edderes globais h\u00e1 v\u00e1rios anos, na esperan\u00e7a de refor\u00e7ar o consenso sobre quest\u00f5es importantes, como a guerra na Ucr\u00e2nia e as rela\u00e7\u00f5es com a China.<\/p>\n<p>A It\u00e1lia det\u00e9m a presid\u00eancia rotativa do G7 para 2024 e a primeira-ministra Giorgia Meloni tem dito que o desenvolvimento da \u00c1frica ser\u00e1 um item central nas discuss\u00f5es, junto do enfrentamento dos perigos apresentados pela <a href=\"https:\/\/investnews.com.br\/guias\/inteligencia-artificial\/\">intelig\u00eancia artificial<\/a>.<\/p>\n<p>Meloni tem feito da \u00c1frica uma pe\u00e7a central de sua pol\u00edtica externa desde que assumiu o cargo em 2022, lan\u00e7ando um projeto com v\u00e1rios pa\u00edses africanos em janeiro com o objetivo de impulsionar os la\u00e7os econ\u00f4micos, criar um hub de energia para a Europa e conter a imigra\u00e7\u00e3o.<\/p>\n<p>\u00c9 prov\u00e1vel que a guerra na Ucr\u00e2nia tamb\u00e9m esteja no foco central das discuss\u00f5es do G7, com a grande expectativa de que o presidente ucraniano Volodymyr Zelenskiy participe da c\u00fapula, como fez no ano passado, quando ela foi realizada no Jap\u00e3o.<\/p>\n","protected":false},"excerpt":{"rendered":"<p>Por Angelo Amante ROMA (Reuters) &#8211; A It\u00e1lia planeja convidar l\u00edderes de pa\u00edses da Am\u00e9rica do Sul e da \u00c1frica, incluindo Brasil, Argentina, Egito e Tun\u00edsia, para a c\u00fapula do G7 que sediar\u00e1 em meados de junho, informou uma fonte pr\u00f3xima ao assunto. O G7 inclui Estados Unidos, Reino Unido, Canad\u00e1, Fran\u00e7a, Alemanha, It\u00e1lia, Jap\u00e3o [&hellip;]<\/p>\n","protected":false},"author":61,"featured_media":460629,"comment_status":"closed","ping_status":"closed","sticky":false,"template":"","format":"standard","meta":{"_acf_changed":false,"inline_featured_image":false,"footnotes":""},"categories":[5],"tags":[102288],"autor-wsj":[],"coauthors":[2494],"class_list":["post-569663","post","type-post","status-publish","format-standard","has-post-thumbnail","hentry","category-economia","tag-reuters"],"acf":[],"amp_enabled":true,"_links":{"self":[{"href":"https:\/\/investnews.com.br\/inv-api\/wp\/v2\/posts\/569663","targetHints":{"allow":["GET"]}}],"collection":[{"href":"https:\/\/investnews.com.br\/inv-api\/wp\/v2\/posts"}],"about":[{"href":"https:\/\/investnews.com.br\/inv-api\/wp\/v2\/types\/post"}],"author":[{"embeddable":true,"href":"https:\/\/investnews.com.br\/inv-api\/wp\/v2\/users\/61"}],"replies":[{"embeddable":true,"href":"https:\/\/investnews.com.br\/inv-api\/wp\/v2\/comments?post=569663"}],"version-history":[{"count":2,"href":"https:\/\/investnews.com.br\/inv-api\/wp\/v2\/posts\/569663\/revisions"}],"predecessor-version":[{"id":569669,"href":"https:\/\/investnews.com.br\/inv-api\/wp\/v2\/posts\/569663\/revisions\/569669"}],"wp:featuredmedia":[{"embeddable":true,"href":"https:\/\/investnews.com.br\/inv-api\/wp\/v2\/media\/460629"}],"wp:attachment":[{"href":"https:\/\/investnews.com.br\/inv-api\/wp\/v2\/media?parent=569663"}],"wp:term":[{"taxonomy":"category","embeddable":true,"href":"https:\/\/investnews.com.br\/inv-api\/wp\/v2\/categories?post=569663"},{"taxonomy":"post_tag","embeddable":true,"href":"https:\/\/investnews.com.br\/inv-api\/wp\/v2\/tags?post=569663"},{"taxonomy":"autor-wsj","embeddable":true,"href":"https:\/\/investnews.com.br\/inv-api\/wp\/v2\/autor-wsj?post=569663"},{"taxonomy":"author","embeddable":true,"href":"https:\/\/investnews.com.br\/inv-api\/wp\/v2\/coauthors?post=569663"}],"curies":[{"name":"wp","href":"https:\/\/api.w.org\/{rel}","templated":true}]}}