{"id":570052,"date":"2024-04-12T15:48:36","date_gmt":"2024-04-12T18:48:36","guid":{"rendered":"https:\/\/investnews.com.br\/?p=570052"},"modified":"2024-04-12T15:48:38","modified_gmt":"2024-04-12T18:48:38","slug":"ministro-confia-na-permanencia-de-chairman-da-petrobras-apesar-de-suspensao-judicial","status":"publish","type":"post","link":"https:\/\/investnews.com.br\/economia\/ministro-confia-na-permanencia-de-chairman-da-petrobras-apesar-de-suspensao-judicial\/","title":{"rendered":"Ministro confia na perman\u00eancia de chairman da Petrobras, apesar de suspens\u00e3o judicial"},"content":{"rendered":"\n<p>O ministro de Minas e Energia, Alexandre Silveira, disse nesta sexta-feira estar confiante de que o presidente do conselho de administra\u00e7\u00e3o da Petrobras, Pietro Mendes, continuar\u00e1 no posto, acreditando em uma revers\u00e3o da decis\u00e3o judicial de primeira inst\u00e2ncia que suspendeu o chairman da estatal na v\u00e9spera.<\/p>\n\n\n\n<p>Mendes, secret\u00e1rio nacional de Petr\u00f3leo, G\u00e1s Natural e Biocombust\u00edveis, e indicado por Silveira ao conselho da Petrobras, f<a href=\"https:\/\/investnews.com.br\/economia\/juiz-suspende-presidente-do-conselho-de-administracao-da-petrobras\/\" data-type=\"URL\" data-id=\"https:\/\/investnews.com.br\/economia\/juiz-suspende-presidente-do-conselho-de-administracao-da-petrobras\/\">oi suspenso pela Justi\u00e7a<\/a> por suposto conflito de interesse com a Uni\u00e3o ou com a pr\u00f3pria companhia, entre outros argumentos.<\/p>\n\n\n\n<p>&#8220;Estou muito confiante que o Pietro tem muito a contribuir com o CA (conselho de administra\u00e7\u00e3o) da Petrobras, n\u00e3o se cogitou a possibilidade de substituir nenhum conselheiro&#8221;, afirmou Silveira a jornalistas, durante evento no Rio de Janeiro.<\/p>\n\n\n\n<p>Mendes foi indicado pelo governo para seguir no conselho da companhia, em assembleia de acionistas no pr\u00f3ximo dia 25.<\/p>\n\n\n\n<p>O ministro ainda destacou a &#8220;dec\u00eancia, a qualidade t\u00e9cnica e profissional do presidente Pietro&#8221;, dizendo que &#8220;em um ano prestou relevantes servi\u00e7os \u00e0 Petrobras&#8221;, desde que assumiu o posto no ano passado.<\/p>\n\n\n\n<p>Silveira disse que decis\u00e3o judicial se cumpre, mas que a Uni\u00e3o &#8212; al\u00e9m da Petrobras&#8211; est\u00e1 recorrendo da liminar.<\/p>\n\n\n\n<p>&#8220;Vejo isso com naturalidade normal de quem acredita na democracia. Ningu\u00e9m \u00e9 insubstitu\u00edvel, mas \u00e9 imprescind\u00edvel a contribui\u00e7\u00e3o de um profissional como Pietro&#8221;, acrescentou.<\/p>\n\n\n\n<p>O Minist\u00e9rio de Minas e Energia destacou em nota que Mendes atende &#8220;a todos os requisitos da Lei das Estatais, conforme pareceres da Advocacia Geral da Uni\u00e3o e da Procuradoria Geral da Fazenda Nacional&#8221;.<\/p>\n\n\n\n<p>Segundo o minist\u00e9rio, Mendes \u00e9 servidor concursado da Ag\u00eancia Nacional de Petr\u00f3leo, G\u00e1s Natural e Biocombust\u00edveis (ANP), &#8220;com quase 18 anos de experi\u00eancia no setor&#8221;, com doutorado em tecnologia de processos qu\u00edmicos e bioqu\u00edmicos pela Universidade Federal do Rio de Janeiro, al\u00e9m de est\u00e1gio p\u00f3s-doutoral por universidade do Canad\u00e1.<\/p>\n\n\n\n<p>&#8220;\u00c9 importante esclarecer ainda n\u00e3o haver qualquer exig\u00eancia, legal ou estatut\u00e1ria, que vincule a escolha para o referido cargo \u00e0 forma\u00e7\u00e3o de lista tr\u00edplice&#8221;, disse o minist\u00e9rio, em refer\u00eancia a um dos argumentos para o afastamento do chairman.<\/p>\n\n\n\n<p>Silveira disse que n\u00e3o acreditar em paralisia do conselho da Petrobras ap\u00f3s decis\u00f5es judiciais que determinaram afastamento de conselheiros.<\/p>\n\n\n\n<p>&#8220;N\u00e3o deixaremos haver paralisia do conselho de administra\u00e7\u00e3o da Petrobras&#8221;, afirmou.<\/p>\n\n\n\n<p>Na segunda-feira, a Justi\u00e7a de S\u00e3o Paulo j\u00e1 havia suspendido um outro membro do conselho da Petrobras, S\u00e9rgio Machado Rezende, por &#8220;suposta inobserv\u00e2ncia de requisitos do estatuto social da companhia na indica\u00e7\u00e3o&#8221;.<\/p>\n","protected":false},"excerpt":{"rendered":"<p>Pietro Mendes, conselheiro da Petrobras, foi suspenso pela Justi\u00e7a por suposto conflito de interesse<\/p>\n","protected":false},"author":61,"featured_media":413268,"comment_status":"closed","ping_status":"closed","sticky":false,"template":"","format":"standard","meta":{"_acf_changed":false,"inline_featured_image":false,"footnotes":""},"categories":[5],"tags":[102288],"autor-wsj":[],"coauthors":[2494],"class_list":["post-570052","post","type-post","status-publish","format-standard","has-post-thumbnail","hentry","category-economia","tag-reuters"],"acf":[],"amp_enabled":true,"_links":{"self":[{"href":"https:\/\/investnews.com.br\/inv-api\/wp\/v2\/posts\/570052","targetHints":{"allow":["GET"]}}],"collection":[{"href":"https:\/\/investnews.com.br\/inv-api\/wp\/v2\/posts"}],"about":[{"href":"https:\/\/investnews.com.br\/inv-api\/wp\/v2\/types\/post"}],"author":[{"embeddable":true,"href":"https:\/\/investnews.com.br\/inv-api\/wp\/v2\/users\/61"}],"replies":[{"embeddable":true,"href":"https:\/\/investnews.com.br\/inv-api\/wp\/v2\/comments?post=570052"}],"version-history":[{"count":2,"href":"https:\/\/investnews.com.br\/inv-api\/wp\/v2\/posts\/570052\/revisions"}],"predecessor-version":[{"id":570057,"href":"https:\/\/investnews.com.br\/inv-api\/wp\/v2\/posts\/570052\/revisions\/570057"}],"wp:featuredmedia":[{"embeddable":true,"href":"https:\/\/investnews.com.br\/inv-api\/wp\/v2\/media\/413268"}],"wp:attachment":[{"href":"https:\/\/investnews.com.br\/inv-api\/wp\/v2\/media?parent=570052"}],"wp:term":[{"taxonomy":"category","embeddable":true,"href":"https:\/\/investnews.com.br\/inv-api\/wp\/v2\/categories?post=570052"},{"taxonomy":"post_tag","embeddable":true,"href":"https:\/\/investnews.com.br\/inv-api\/wp\/v2\/tags?post=570052"},{"taxonomy":"autor-wsj","embeddable":true,"href":"https:\/\/investnews.com.br\/inv-api\/wp\/v2\/autor-wsj?post=570052"},{"taxonomy":"author","embeddable":true,"href":"https:\/\/investnews.com.br\/inv-api\/wp\/v2\/coauthors?post=570052"}],"curies":[{"name":"wp","href":"https:\/\/api.w.org\/{rel}","templated":true}]}}