{"id":570193,"date":"2024-04-12T19:30:18","date_gmt":"2024-04-12T22:30:18","guid":{"rendered":"https:\/\/investnews.com.br\/?p=570193"},"modified":"2025-09-05T15:08:01","modified_gmt":"2025-09-05T18:08:01","slug":"o-encontro-de-bilhoes-de-musk-e-milei","status":"publish","type":"post","link":"https:\/\/investnews.com.br\/negocios\/o-encontro-de-bilhoes-de-musk-e-milei\/","title":{"rendered":"O encontro de bilh\u00f5es de Musk e Milei"},"content":{"rendered":"\n<p>Elon Musk e o presidente da Argentina, Javier Milei, se encontraram nesta sexta-feira na f\u00e1brica da Tesla, no Texas.  Alinhados ideologicamente, Musk e Milei v\u00eam h\u00e1 meses se validando pelas redes sociais em suas posturas liberais e de cr\u00edticas \u00e0 esquerda. Mas o encontro desta sexta-feira (12)  contemplou temas econ\u00f4micos: o argentino tentou encorajar o bilion\u00e1rio a  implementar um plano de investimentos no setor de l\u00edtio no pa\u00eds. E  aproveitou para oferecer seu apoio ao empres\u00e1rio no conflito com o Brasil.<\/p>\n\n\n\n<p>A Argentina possui a terceira maior reserva mundial de l\u00edtio, um material essencial nas baterias recarreg\u00e1veis que alimentam os ve\u00edculos da Tesla. O tamanho dos dep\u00f3sitos de l\u00edtio no extremo norte do pa\u00eds fica atr\u00e1s apenas dos da Austr\u00e1lia e do Chile, de acordo com o Servi\u00e7o Geol\u00f3gico dos EUA. E a Argentina \u00e9 um fornecedor essencial para os EUA, provendo 55% das importa\u00e7\u00f5es norte-americanas do metal entre 2016 e 2019, disse o Departamento de Energia num relat\u00f3rio de 2022.<\/p>\n\n\n\n<p><em>Para ler a \u00edntegra desta mat\u00e9ria do The Wall Street Journal, clique <a href=\"https:\/\/investnews.com.br\/wsj\/elon-musk-e-javier-milei-se-reunem-no-texas-e-concordam-em-defender-a-liberdade\/\">aqui.<\/a><\/em><\/p>\n","protected":false},"excerpt":{"rendered":"<p>Elon Musk e o presidente da Argentina, Javier Milei, se encontraram nesta sexta-feira na f\u00e1brica da Tesla, no Texas. Alinhados ideologicamente, Musk e Milei v\u00eam h\u00e1 meses se validando pelas redes sociais em suas posturas liberais e de cr\u00edticas \u00e0 esquerda. Mas o encontro desta sexta-feira (12) contemplou temas econ\u00f4micos: o argentino tentou encorajar o [&hellip;]<\/p>\n","protected":false},"author":118,"featured_media":570157,"comment_status":"closed","ping_status":"closed","sticky":false,"template":"","format":"standard","meta":{"_acf_changed":false,"inline_featured_image":false,"footnotes":""},"categories":[6],"tags":[110168,528,1529],"autor-wsj":[],"coauthors":[102488],"class_list":["post-570193","post","type-post","status-publish","format-standard","has-post-thumbnail","hentry","category-negocios","tag-elon-musk","tag-tesla","tag-twitter"],"acf":[],"amp_enabled":true,"_links":{"self":[{"href":"https:\/\/investnews.com.br\/inv-api\/wp\/v2\/posts\/570193","targetHints":{"allow":["GET"]}}],"collection":[{"href":"https:\/\/investnews.com.br\/inv-api\/wp\/v2\/posts"}],"about":[{"href":"https:\/\/investnews.com.br\/inv-api\/wp\/v2\/types\/post"}],"author":[{"embeddable":true,"href":"https:\/\/investnews.com.br\/inv-api\/wp\/v2\/users\/118"}],"replies":[{"embeddable":true,"href":"https:\/\/investnews.com.br\/inv-api\/wp\/v2\/comments?post=570193"}],"version-history":[{"count":4,"href":"https:\/\/investnews.com.br\/inv-api\/wp\/v2\/posts\/570193\/revisions"}],"predecessor-version":[{"id":570335,"href":"https:\/\/investnews.com.br\/inv-api\/wp\/v2\/posts\/570193\/revisions\/570335"}],"wp:featuredmedia":[{"embeddable":true,"href":"https:\/\/investnews.com.br\/inv-api\/wp\/v2\/media\/570157"}],"wp:attachment":[{"href":"https:\/\/investnews.com.br\/inv-api\/wp\/v2\/media?parent=570193"}],"wp:term":[{"taxonomy":"category","embeddable":true,"href":"https:\/\/investnews.com.br\/inv-api\/wp\/v2\/categories?post=570193"},{"taxonomy":"post_tag","embeddable":true,"href":"https:\/\/investnews.com.br\/inv-api\/wp\/v2\/tags?post=570193"},{"taxonomy":"autor-wsj","embeddable":true,"href":"https:\/\/investnews.com.br\/inv-api\/wp\/v2\/autor-wsj?post=570193"},{"taxonomy":"author","embeddable":true,"href":"https:\/\/investnews.com.br\/inv-api\/wp\/v2\/coauthors?post=570193"}],"curies":[{"name":"wp","href":"https:\/\/api.w.org\/{rel}","templated":true}]}}