{"id":570337,"date":"2024-04-13T16:33:52","date_gmt":"2024-04-13T19:33:52","guid":{"rendered":"https:\/\/investnews.com.br\/?p=570337"},"modified":"2025-09-01T11:37:42","modified_gmt":"2025-09-01T14:37:42","slug":"bce-se-prepara-para-cortar-taxas-de-juro-em-junho-afirma-villeroy-de-galhau","status":"publish","type":"post","link":"https:\/\/investnews.com.br\/economia\/bce-se-prepara-para-cortar-taxas-de-juro-em-junho-afirma-villeroy-de-galhau\/","title":{"rendered":"BCE se prepara  para cortar taxas de juro em junho, afirma Villeroy de Galhau"},"content":{"rendered":"\n<p>O Banco Central Europeu (BCE) dever\u00e1 reduzir as taxas de juro em Junho, de acordo com Fran\u00e7ois Villeroy de Galhau, membro do Conselho do BCE.<\/p>\n\n\n\n<p>\u201cSalvo surpresa, devemos decidir sobre o primeiro corte na nossa pr\u00f3xima reuni\u00e3o, em 6 de junho\u201d, disse Villeroy de Galhau em uma entrevista ao <em>Le Journal du Dimanche<\/em>, acrescentando que est\u00e1 mais confiante quanto \u00e0 trajet\u00f3ria descendente da infla\u00e7\u00e3o.<\/p>\n\n\n\n<p>\u201cNosso corte no in\u00edcio de junho ter\u00e1 de ser seguido por outros cortes at\u00e9 o final do ano\u201d, acrescentou, embora tenha descartado um retorno \u00e0s taxas ultrabaixas ou mesmo negativas que prevaleceram entre 2015 e 2022.<\/p>\n\n\n\n<p>O BCE manteve as taxas de juro est\u00e1veis para uma quinta reuni\u00e3o na quinta-feira, com a taxa de dep\u00f3sito num m\u00e1ximo hist\u00f3rico de 4%. Mas o Conselho do BCE sinalizou pela primeira vez uma poss\u00edvel redu\u00e7\u00e3o, dependendo das suas previs\u00f5es econ\u00f4micas que indicam que o crescimento dos pre\u00e7os ao consumidor se dirige com seguran\u00e7a para 2%.<\/p>\n\n\n\n<p>Na entrevista ao seman\u00e1rio, o governador acrescentou ainda que a Fran\u00e7a precisa enfrentar seriamente o agravamento das suas finan\u00e7as p\u00fablicas. Isso depois de o governo franc\u00eas ter dito no in\u00edcio desta semana que o seu d\u00e9ficit ser\u00e1 maior do que o previsto este ano.<\/p>\n","protected":false},"excerpt":{"rendered":"<p>\u00c9 a primeira vez que o conselho da institui\u00e7\u00e3o indica que pode reduzir a taxa b\u00e1sica<\/p>\n","protected":false},"author":76,"featured_media":570338,"comment_status":"closed","ping_status":"closed","sticky":false,"template":"","format":"standard","meta":{"_acf_changed":false,"inline_featured_image":false,"footnotes":""},"categories":[5],"tags":[110444],"autor-wsj":[],"coauthors":[101325],"class_list":["post-570337","post","type-post","status-publish","format-standard","has-post-thumbnail","hentry","category-economia","tag-bce"],"acf":[],"amp_enabled":true,"_links":{"self":[{"href":"https:\/\/investnews.com.br\/inv-api\/wp\/v2\/posts\/570337","targetHints":{"allow":["GET"]}}],"collection":[{"href":"https:\/\/investnews.com.br\/inv-api\/wp\/v2\/posts"}],"about":[{"href":"https:\/\/investnews.com.br\/inv-api\/wp\/v2\/types\/post"}],"author":[{"embeddable":true,"href":"https:\/\/investnews.com.br\/inv-api\/wp\/v2\/users\/76"}],"replies":[{"embeddable":true,"href":"https:\/\/investnews.com.br\/inv-api\/wp\/v2\/comments?post=570337"}],"version-history":[{"count":2,"href":"https:\/\/investnews.com.br\/inv-api\/wp\/v2\/posts\/570337\/revisions"}],"predecessor-version":[{"id":570341,"href":"https:\/\/investnews.com.br\/inv-api\/wp\/v2\/posts\/570337\/revisions\/570341"}],"wp:featuredmedia":[{"embeddable":true,"href":"https:\/\/investnews.com.br\/inv-api\/wp\/v2\/media\/570338"}],"wp:attachment":[{"href":"https:\/\/investnews.com.br\/inv-api\/wp\/v2\/media?parent=570337"}],"wp:term":[{"taxonomy":"category","embeddable":true,"href":"https:\/\/investnews.com.br\/inv-api\/wp\/v2\/categories?post=570337"},{"taxonomy":"post_tag","embeddable":true,"href":"https:\/\/investnews.com.br\/inv-api\/wp\/v2\/tags?post=570337"},{"taxonomy":"autor-wsj","embeddable":true,"href":"https:\/\/investnews.com.br\/inv-api\/wp\/v2\/autor-wsj?post=570337"},{"taxonomy":"author","embeddable":true,"href":"https:\/\/investnews.com.br\/inv-api\/wp\/v2\/coauthors?post=570337"}],"curies":[{"name":"wp","href":"https:\/\/api.w.org\/{rel}","templated":true}]}}