{"id":570615,"date":"2024-04-15T16:58:34","date_gmt":"2024-04-15T19:58:34","guid":{"rendered":"https:\/\/investnews.com.br\/?p=570615"},"modified":"2024-04-15T18:22:59","modified_gmt":"2024-04-15T21:22:59","slug":"dolar-testa-os-r-520-mas-pressao-sobre-o-cambio-tende-a-ser-passageira","status":"publish","type":"post","link":"https:\/\/investnews.com.br\/economia\/dolar-testa-os-r-520-mas-pressao-sobre-o-cambio-tende-a-ser-passageira\/","title":{"rendered":"D\u00f3lar testa os R$ 5,20, mas press\u00e3o sobre o c\u00e2mbio pode ser passageira"},"content":{"rendered":"\n<p>Edmar Bacha, um dos criadores do <strong>Plano Real<\/strong>, disse certa vez que a taxa de c\u00e2mbio foi criada por Deus apenas para humilhar os economistas. De fato. Uma das maiores dificuldades dos especialistas \u00e9 mesmo prever a cota\u00e7\u00e3o do <strong>d\u00f3lar<\/strong>.<\/p>\n\n\n\n<p>Para se ter uma ideia, o relat\u00f3rio de mercado Focus, do Banco Central, mant\u00e9m h\u00e1 duas semanas a previs\u00e3o para a taxa de c\u00e2mbio ao final deste ano em R$ 4,95. Na \u00faltima sexta-feira (12), por\u00e9m, a moeda americana encerrou no maior valor desde outubro, R$ 5,12.&nbsp;<\/p>\n\n\n\n<p>E agora, nesta segunda-feira (15), o d\u00f3lar renova for\u00e7as e <a href=\"https:\/\/investnews.com.br\/economia\/meta-fiscal-mais-branda-dados-fortes-de-varejo-nos-eua-e-conflito-no-oriente-medio-levam-dolar-a-r-521\/\" target=\"_blank\" rel=\"noreferrer noopener\">testa a faixa de R$ 5,20<\/a> \u2013 maior valor em um ano. Em 2024, a valoriza\u00e7\u00e3o \u00e9 de 5,5%, depois de ter encerrado o ano passado na marca de R$ 4,85.<\/p>\n\n\n\n<p><strong>LEIA MAIS:<\/strong> <a href=\"https:\/\/investnews.com.br\/financas\/o-que-esta-acontecendo-com-o-dolar\/\">O que est\u00e1 acontecendo com o d\u00f3lar?<\/a><\/p>\n\n\n\n<h2 class=\"wp-block-heading\">Meta fiscal mais frouxa<\/h2>\n\n\n\n<p>As raz\u00f5es para o c\u00e2mbio dom\u00e9stico s\u00e3o, principalmente, externas: tens\u00e3o renovada no Oriente M\u00e9dio e as incertezas (tamb\u00e9m renovadas) sobre o rumo da taxa de juros nos EUA. Mas nesta segunda veio um fator extra, de dentro de casa. <\/p>\n\n\n\n<p>Fernando Haddad disse, em entrevista \u00e0 GloboNews, que o governo pretende mudar a meta fiscal de 2025. Em vez de um super\u00e1vit de 0,5% do PIB, um d\u00e9ficit zero, mais frouxo. Isso abre as portas para mais gastos p\u00fablicos \u2013 o que pressiona a infla\u00e7\u00e3o e, por consequ\u00eancia, enfraquece o real ante as moedas fortes. <\/p>\n\n\n\n<h2 class=\"wp-block-heading\">Vai passar?     <\/h2>\n\n\n\n<p>Para alguns especialistas, entretanto, o cen\u00e1rio atual tende a ser passageiro. Segundo Silvio Campos Neto, economista-s\u00eanior da Tend\u00eancias Consultoria, a expectativa de que o d\u00f3lar encerre este ano abaixo de R$ 5,00 ainda n\u00e3o mudou. <\/p>\n\n\n\n<p>Isso porque a previs\u00e3o para o horizonte \u00e0 frente permanece: o <strong>Federal Reserve <\/strong>deve iniciar o ciclo de cortes em algum momento neste ano (ainda que fique l\u00e1 para setembro) e o cen\u00e1rio geopol\u00edtico pode arrefecer. J\u00e1 no Brasil, de acordo com o economista da Tend\u00eancias, a quest\u00e3o fiscal tenderia a se acomodar no longo prazo, bem como os ru\u00eddos pol\u00edticos.&nbsp;&nbsp;<\/p>\n\n\n\n<p>Camila Abdelmalack, economista-chefe da Veedha Investimentos, vai na mesma linha. \u201cA leitura \u00e9 que esse movimento do d\u00f3lar \u00e9 transit\u00f3rio. Pode haver um novo momento favor\u00e1vel.\u201d&nbsp;<\/p>\n\n\n\n<p>Ela lembra que o Banco Central chamou a aten\u00e7\u00e3o para o impacto das press\u00f5es salariais sobre a infla\u00e7\u00e3o de servi\u00e7os \u2013 menos sens\u00edvel ao comportamento do c\u00e2mbio. O ponto \u00e9: caso o aumento da massa salarial leve uma desacelera\u00e7\u00e3o mais firme nos cortes da<strong> Selic<\/strong>, isso vai \u201csegurar\u201d a desvaloriza\u00e7\u00e3o da nossa moeda \u2013 j\u00e1 que torna <a href=\"https:\/\/investnews.com.br\/economia\/bce-larga-na-frente-do-fed-mas-brasil-olha-para-rival-latino\/\" target=\"_blank\" rel=\"noreferrer noopener\">o juro real brasileiro<\/a> mais atrativo.  <\/p>\n\n\n\n<p><strong>LEIA MAIS:<\/strong> <a href=\"https:\/\/investnews.com.br\/economia\/caged-de-fevereiro-esquenta-debate-do-copom-sobre-o-mercado-de-trabalho\/\">Caged de fevereiro esquenta debate do Copom sobre o mercado de trabalho<\/a>&nbsp;&nbsp;<strong>&nbsp;<\/strong><\/p>\n\n\n\n<h2 class=\"wp-block-heading\">Efeito Orloff<\/h2>\n\n\n\n<p>Seja como for, fica a d\u00favida sobre os pre\u00e7os dos <strong>combust\u00edveis<\/strong>, represados com m\u00e3o de ferro pela Petrobras. Com a recente alta nos pre\u00e7os do barril de petr\u00f3leo sendo impulsionada pelo fortalecimento do d\u00f3lar no mercado internacional, a defasagem da gasolina no Brasil em rela\u00e7\u00e3o ao exterior j\u00e1 encosta em 30%. Por conta disso, especialistas alertaram para os <a href=\"https:\/\/investnews.com.br\/economia\/cpi-dos-eua-pisca-para-ipca-e-diz-eu-sou-voce-amanha\/\">riscos de um \u201cefeito Orloff\u201d<\/a> por aqui \u2013 ou seja: quando a alta nos combust\u00edveis vier, talvez seja particularmente intensa.<\/p>\n","protected":false},"excerpt":{"rendered":"<p>Desacelera\u00e7\u00e3o dos cortes na Selic, entre outros fatores, tendem a frear alta da moeda americana  <\/p>\n","protected":false},"author":108,"featured_media":570655,"comment_status":"closed","ping_status":"closed","sticky":false,"template":"","format":"standard","meta":{"_acf_changed":false,"inline_featured_image":false,"footnotes":""},"categories":[5],"tags":[26,52],"autor-wsj":[],"coauthors":[102429],"class_list":["post-570615","post","type-post","status-publish","format-standard","has-post-thumbnail","hentry","category-economia","tag-dolar","tag-inflacao"],"acf":[],"amp_enabled":true,"_links":{"self":[{"href":"https:\/\/investnews.com.br\/inv-api\/wp\/v2\/posts\/570615","targetHints":{"allow":["GET"]}}],"collection":[{"href":"https:\/\/investnews.com.br\/inv-api\/wp\/v2\/posts"}],"about":[{"href":"https:\/\/investnews.com.br\/inv-api\/wp\/v2\/types\/post"}],"author":[{"embeddable":true,"href":"https:\/\/investnews.com.br\/inv-api\/wp\/v2\/users\/108"}],"replies":[{"embeddable":true,"href":"https:\/\/investnews.com.br\/inv-api\/wp\/v2\/comments?post=570615"}],"version-history":[{"count":18,"href":"https:\/\/investnews.com.br\/inv-api\/wp\/v2\/posts\/570615\/revisions"}],"predecessor-version":[{"id":570723,"href":"https:\/\/investnews.com.br\/inv-api\/wp\/v2\/posts\/570615\/revisions\/570723"}],"wp:featuredmedia":[{"embeddable":true,"href":"https:\/\/investnews.com.br\/inv-api\/wp\/v2\/media\/570655"}],"wp:attachment":[{"href":"https:\/\/investnews.com.br\/inv-api\/wp\/v2\/media?parent=570615"}],"wp:term":[{"taxonomy":"category","embeddable":true,"href":"https:\/\/investnews.com.br\/inv-api\/wp\/v2\/categories?post=570615"},{"taxonomy":"post_tag","embeddable":true,"href":"https:\/\/investnews.com.br\/inv-api\/wp\/v2\/tags?post=570615"},{"taxonomy":"autor-wsj","embeddable":true,"href":"https:\/\/investnews.com.br\/inv-api\/wp\/v2\/autor-wsj?post=570615"},{"taxonomy":"author","embeddable":true,"href":"https:\/\/investnews.com.br\/inv-api\/wp\/v2\/coauthors?post=570615"}],"curies":[{"name":"wp","href":"https:\/\/api.w.org\/{rel}","templated":true}]}}