{"id":571602,"date":"2024-04-17T18:09:17","date_gmt":"2024-04-17T21:09:17","guid":{"rendered":"https:\/\/investnews.com.br\/?p=571602"},"modified":"2024-04-17T18:31:54","modified_gmt":"2024-04-17T21:31:54","slug":"dolar-interrompe-sequencia-de-cinco-altas-ibovespa-cai-pelo-6-dia-seguido","status":"publish","type":"post","link":"https:\/\/investnews.com.br\/financas\/dolar-interrompe-sequencia-de-cinco-altas-ibovespa-cai-pelo-6-dia-seguido\/","title":{"rendered":"D\u00f3lar interrompe sequ\u00eancia de cinco altas; Ibovespa cai pelo\u00a06\u00ba dia seguido"},"content":{"rendered":"\n<p>O d\u00f3lar \u00e0 vista interrompeu nesta quarta-feira (17) uma <strong>sequ\u00eancia de cinco sess\u00f5es consecutivas de ganhos <\/strong>e fechou a sess\u00e3o em baixa ante o real, em sintonia com o recuo da moeda norte-americana no exterior e com investidores realizando os lucros mais recentes.<\/p>\n\n\n\n<p>O d\u00f3lar \u00e0 vista fechou o dia cotado a R$ 5,2445 reais na venda, em baixa de 0,46%. Em abril, no entanto, a divisa acumula alta de 4,56%.<\/p>\n\n\n\n<p>Pela manh\u00e3, em meio ao recuo das cota\u00e7\u00f5es no exterior, o d\u00f3lar \u00e0 vista oscilava em baixa ante o real no Brasil, com investidores aproveitando a alta superior a 5% nos cinco dias \u00fateis anteriores para vender moeda e embolsar parte dos lucros.<\/p>\n\n\n\n<p>&#8220;Houve uma realiza\u00e7\u00e3o de lucro, e todo mundo estava esperando por isso&#8221;, comentou durante a tarde Thiago Avallone, especialista de c\u00e2mbio da Manchester Investimentos, ao justificar a queda do d\u00f3lar ante real.<\/p>\n\n\n\n<p>&#8220;Ainda assim, continuo achando que o cen\u00e1rio segue desfavor\u00e1vel ao real. Estamos numa esp\u00e9cie de tempestade perfeita, em que os dados l\u00e1 de fora postergam o corte de juros pelo Federal Reserve e o governo brasileiro segue gastando mais do que deve, alterando as metas de (resultado) prim\u00e1rio&#8221;, acrescentou.<\/p>\n\n\n\n<h2 class=\"wp-block-heading\">Desdobramentos <\/h2>\n\n\n\n<p>Na segunda-feira, o governo anunciou <a href=\"https:\/\/investnews.com.br\/economia\/meta-fiscal-mais-branda-dados-fortes-de-varejo-nos-eua-e-conflito-no-oriente-medio-levam-dolar-a-r-521\/\">redu\u00e7\u00e3o da meta fiscal para 2025 de 0,5% do Produto Interno Bruto (PIB) para zero<\/a>, o que foi mal-recebido pelo mercado.<\/p>\n\n\n\n<p>As preocupa\u00e7\u00f5es com a \u00e1rea fiscal voltaram a fazer pre\u00e7o durante a tarde desta quarta-feira, em especial no mercado de juros futuros, ap\u00f3s o presidente do Banco Central, Roberto Campos Neto, indicar que a incerteza pode reduzir o ritmo de cortes da taxa b\u00e1sica Selic.<\/p>\n\n\n\n<p>Al\u00e9m disso, Campos Neto defendeu que o Brasil tem uma taxa de c\u00e2mbio flutuante e por isso o BC s\u00f3 deve intervir no d\u00f3lar em casos de disfuncionalidades.<\/p>\n\n\n\n<p>&#8220;Pensamos que o c\u00e2mbio \u00e9 flutuante, e isso \u00e9 muito importante, \u00e9 um absorvedor de choques que tem uma fun\u00e7\u00e3o muito relevante ao nos dizer onde a demanda por prote\u00e7\u00e3o est\u00e1 e o porqu\u00ea&#8221;, disse o presidente do BC em reuni\u00e3o com investidores em Washington, nos EUA.<\/p>\n\n\n\n<p>&#8220;N\u00e3o reagimos ao fato de que as pessoas est\u00e3o reprecificando nosso pr\u00eamio de risco&#8221;, acrescentou.<\/p>\n\n\n\n<p>Na pr\u00e1tica, Campos Neto afastou especula\u00e7\u00f5es presentes no mercado nos \u00faltimos dias de que o BC poderia &#8212; ou deveria &#8211;realizar leil\u00f5es de linha (venda de d\u00f3lares com compromisso de recompra) ou opera\u00e7\u00f5es extras de <a href=\"https:\/\/investnews.com.br\/guias\/swap-como-funciona\/\">swap<\/a> para conter a escalada do d\u00f3lar.<\/p>\n\n\n\n<p>Pouco depois das declara\u00e7\u00f5es de Campos Neto sobre o c\u00e2mbio, o d\u00f3lar \u00e0 vista migrou para o territ\u00f3rio positivo e chegou a marcar R$ 5,2814 reais (+0,24%).<\/p>\n\n\n\n<p>Mas a moeda voltou a perder for\u00e7a na sequ\u00eancia, acompanhando a tend\u00eancia de baixa vinda do exterior e sob influ\u00eancia da realiza\u00e7\u00e3o dos lucros mais recentes. Na cota\u00e7\u00e3o m\u00ednima do dia, \u00e0s 15h46, o d\u00f3lar \u00e0 vista marcou R$ 5,2200 reais (-0,92%).<\/p>\n\n\n\n<p>No fim da tarde, o d\u00f3lar tamb\u00e9m se mantinha em baixa no exterior. \u00c0s 17h33, o \u00edndice do d\u00f3lar &#8212; que mede o desempenho da moeda norte-americana frente a uma cesta de seis divisas &#8212; ca\u00eda 0,38%.<\/p>\n\n\n\n<h2 class=\"wp-block-heading\">Bolsa<\/h2>\n\n\n\n<p>J\u00e1 o Ibovespa marcou sua sexta queda seguida, com o<strong> tom negativo <\/strong>prevalecendo nas bolsas dos Estados Unidos, sem que o avan\u00e7o nos pap\u00e9is de <strong>Vale <\/strong>e <strong>Petrobras<\/strong>, de grande peso no \u00edndice, conseguisse mant\u00ea-lo no azul. <\/p>\n\n\n\n<p>\u00cdndice de refer\u00eancia do mercado acion\u00e1rio brasileiro, o Ibovespa teve varia\u00e7\u00e3o negativa de 0,16%, a 124.191,79 pontos, de acordo com dados preliminares. Na m\u00e1xima do dia, chegou a 125.300,97 pontos. Na m\u00ednima, a 123.641,94 pontos.<\/p>\n\n\n\n<p>O volume financeiro somava R$ 21,7 bilh\u00f5es antes dos ajustes finais, em sess\u00e3o marcada pelos vencimentos de op\u00e7\u00f5es sobre o Ibovespa e do contrato futuro do \u00edndice.<\/p>\n","protected":false},"excerpt":{"rendered":"<p>O d\u00f3lar \u00e0 vista interrompeu nesta quarta-feira (17) uma sequ\u00eancia de cinco sess\u00f5es consecutivas de ganhos e fechou a sess\u00e3o em baixa ante o real, em sintonia com o recuo da moeda norte-americana no exterior e com investidores realizando os lucros mais recentes. O d\u00f3lar \u00e0 vista fechou o dia cotado a R$ 5,2445 reais [&hellip;]<\/p>\n","protected":false},"author":61,"featured_media":543032,"comment_status":"closed","ping_status":"closed","sticky":false,"template":"","format":"standard","meta":{"_acf_changed":false,"inline_featured_image":false,"footnotes":""},"categories":[4],"tags":[226,102288],"autor-wsj":[],"coauthors":[2494],"class_list":["post-571602","post","type-post","status-publish","format-standard","has-post-thumbnail","hentry","category-financas","tag-bolsa-de-valores","tag-reuters"],"acf":[],"amp_enabled":true,"_links":{"self":[{"href":"https:\/\/investnews.com.br\/inv-api\/wp\/v2\/posts\/571602","targetHints":{"allow":["GET"]}}],"collection":[{"href":"https:\/\/investnews.com.br\/inv-api\/wp\/v2\/posts"}],"about":[{"href":"https:\/\/investnews.com.br\/inv-api\/wp\/v2\/types\/post"}],"author":[{"embeddable":true,"href":"https:\/\/investnews.com.br\/inv-api\/wp\/v2\/users\/61"}],"replies":[{"embeddable":true,"href":"https:\/\/investnews.com.br\/inv-api\/wp\/v2\/comments?post=571602"}],"version-history":[{"count":13,"href":"https:\/\/investnews.com.br\/inv-api\/wp\/v2\/posts\/571602\/revisions"}],"predecessor-version":[{"id":571632,"href":"https:\/\/investnews.com.br\/inv-api\/wp\/v2\/posts\/571602\/revisions\/571632"}],"wp:featuredmedia":[{"embeddable":true,"href":"https:\/\/investnews.com.br\/inv-api\/wp\/v2\/media\/543032"}],"wp:attachment":[{"href":"https:\/\/investnews.com.br\/inv-api\/wp\/v2\/media?parent=571602"}],"wp:term":[{"taxonomy":"category","embeddable":true,"href":"https:\/\/investnews.com.br\/inv-api\/wp\/v2\/categories?post=571602"},{"taxonomy":"post_tag","embeddable":true,"href":"https:\/\/investnews.com.br\/inv-api\/wp\/v2\/tags?post=571602"},{"taxonomy":"autor-wsj","embeddable":true,"href":"https:\/\/investnews.com.br\/inv-api\/wp\/v2\/autor-wsj?post=571602"},{"taxonomy":"author","embeddable":true,"href":"https:\/\/investnews.com.br\/inv-api\/wp\/v2\/coauthors?post=571602"}],"curies":[{"name":"wp","href":"https:\/\/api.w.org\/{rel}","templated":true}]}}