{"id":571687,"date":"2024-04-18T08:24:20","date_gmt":"2024-04-18T11:24:20","guid":{"rendered":"https:\/\/investnews.com.br\/?p=571687"},"modified":"2024-04-18T08:24:22","modified_gmt":"2024-04-18T11:24:22","slug":"governo-de-sp-fixa-prazo-para-investidor-estrategico-da-sabesp","status":"publish","type":"post","link":"https:\/\/investnews.com.br\/financas\/governo-de-sp-fixa-prazo-para-investidor-estrategico-da-sabesp\/","title":{"rendered":"Governo de SP fixa prazo para investidor estrat\u00e9gico da Sabesp"},"content":{"rendered":"<p>S\u00c3O PAULO (Reuters) &#8211; O per\u00edodo de lockup para o investidor de refer\u00eancia que se juntar\u00e1 \u00e0 Sabesp no processo de privatiza\u00e7\u00e3o da empresa de abastecimento de \u00e1gua de S\u00e3o Paulo durar\u00e1 at\u00e9 o final de 2029, informou o governo do Estado nesta quarta-feira.<\/p>\n<p>O governo paulista espera privatizar a Sabesp este ano por meio de uma oferta de a\u00e7\u00f5es.<\/p>\n<p>Como parte do acordo, o Estado &#8212; que manter\u00e1 uma participa\u00e7\u00e3o na empresa &#8212; decidiu que a companhia precisa conseguir um &#8220;investidor estrat\u00e9gico&#8221; para uma fatia de 15% na Sabesp, que dever\u00e1 ser mantida at\u00e9 2030.<\/p>\n<p>O <a href=\"https:\/\/investnews.com.br\/guias\/acionista-o-que-e-e-como-funciona\/\">acionista<\/a> de refer\u00eancia ser\u00e1 selecionado ap\u00f3s uma disputa divida em dois blocos.<\/p>\n<p>O governo paulista acrescentou que, ap\u00f3s a privatiza\u00e7\u00e3o, a Sabesp ter\u00e1 nove membros no conselho de administra\u00e7\u00e3o: tr\u00eas escolhidos pelo governo do Estado, tr\u00eas escolhidos pelo acionista de refer\u00eancia e tr\u00eas membros independentes.<\/p>\n<p>(Reportagem de Gabriel Araujo)<\/p>\n","protected":false},"excerpt":{"rendered":"<p>S\u00c3O PAULO (Reuters) &#8211; O per\u00edodo de lockup para o investidor de refer\u00eancia que se juntar\u00e1 \u00e0 Sabesp no processo de privatiza\u00e7\u00e3o da empresa de abastecimento de \u00e1gua de S\u00e3o Paulo durar\u00e1 at\u00e9 o final de 2029, informou o governo do Estado nesta quarta-feira. O governo paulista espera privatizar a Sabesp este ano por meio [&hellip;]<\/p>\n","protected":false},"author":61,"featured_media":13261,"comment_status":"closed","ping_status":"closed","sticky":false,"template":"","format":"standard","meta":{"_acf_changed":false,"inline_featured_image":false,"footnotes":""},"categories":[4],"tags":[102288],"autor-wsj":[],"coauthors":[2494],"class_list":["post-571687","post","type-post","status-publish","format-standard","has-post-thumbnail","hentry","category-financas","tag-reuters"],"acf":[],"amp_enabled":true,"_links":{"self":[{"href":"https:\/\/investnews.com.br\/inv-api\/wp\/v2\/posts\/571687","targetHints":{"allow":["GET"]}}],"collection":[{"href":"https:\/\/investnews.com.br\/inv-api\/wp\/v2\/posts"}],"about":[{"href":"https:\/\/investnews.com.br\/inv-api\/wp\/v2\/types\/post"}],"author":[{"embeddable":true,"href":"https:\/\/investnews.com.br\/inv-api\/wp\/v2\/users\/61"}],"replies":[{"embeddable":true,"href":"https:\/\/investnews.com.br\/inv-api\/wp\/v2\/comments?post=571687"}],"version-history":[{"count":2,"href":"https:\/\/investnews.com.br\/inv-api\/wp\/v2\/posts\/571687\/revisions"}],"predecessor-version":[{"id":571702,"href":"https:\/\/investnews.com.br\/inv-api\/wp\/v2\/posts\/571687\/revisions\/571702"}],"wp:featuredmedia":[{"embeddable":true,"href":"https:\/\/investnews.com.br\/inv-api\/wp\/v2\/media\/13261"}],"wp:attachment":[{"href":"https:\/\/investnews.com.br\/inv-api\/wp\/v2\/media?parent=571687"}],"wp:term":[{"taxonomy":"category","embeddable":true,"href":"https:\/\/investnews.com.br\/inv-api\/wp\/v2\/categories?post=571687"},{"taxonomy":"post_tag","embeddable":true,"href":"https:\/\/investnews.com.br\/inv-api\/wp\/v2\/tags?post=571687"},{"taxonomy":"autor-wsj","embeddable":true,"href":"https:\/\/investnews.com.br\/inv-api\/wp\/v2\/autor-wsj?post=571687"},{"taxonomy":"author","embeddable":true,"href":"https:\/\/investnews.com.br\/inv-api\/wp\/v2\/coauthors?post=571687"}],"curies":[{"name":"wp","href":"https:\/\/api.w.org\/{rel}","templated":true}]}}