{"id":571710,"date":"2024-04-18T08:51:01","date_gmt":"2024-04-18T11:51:01","guid":{"rendered":"https:\/\/investnews.com.br\/?p=571710"},"modified":"2024-04-18T08:51:03","modified_gmt":"2024-04-18T11:51:03","slug":"milei-propoe-encontro-com-lula-apos-troca-de-insultos","status":"publish","type":"post","link":"https:\/\/investnews.com.br\/economia\/milei-propoe-encontro-com-lula-apos-troca-de-insultos\/","title":{"rendered":"Milei prop\u00f5e encontro com Lula ap\u00f3s troca de insultos"},"content":{"rendered":"\n<p>Javier Milei acenou uma bandeira branca ao presidente Luiz In\u00e1cio Lula da Silva, a quem chamou v\u00e1rias vezes de \u201ccomunista\u201d, ao propor um encontro para melhorar as rela\u00e7\u00f5es de alto n\u00edvel entre os pa\u00edses vizinhos.<\/p>\n\n\n\n<p>Em viagem a Bras\u00edlia e S\u00e3o Paulo esta semana, a ministra de Rela\u00e7\u00f5es Exteriores argentina, Diana Mondino, entregou em m\u00e3os ao seu contraparte brasileiro, embaixador Mauro Vieira, uma carta com o convite, que n\u00e3o estabelece data nem local para a reuni\u00e3o que seria informal, segundo autoridades dos dois governos familiarizadas com o texto. <\/p>\n\n\n\n<p>Lula pretende esperar at\u00e9 que uma reuni\u00e3o aconte\u00e7a naturalmente, acrescentou a autoridade brasileira. Ambas pediram anonimato.<\/p>\n\n\n\n<p>Antes de assumir o cargo em dezembro, Milei questionou se a Argentina manteria rela\u00e7\u00f5es com seu maior parceiro comercial ap\u00f3s\u00a0chamar\u00a0Lula de um \u201ccomunista com quem n\u00e3o negociaria\u201d. O l\u00edder brasileiro decidiu ent\u00e3o ignorar Milei, n\u00e3o comparecendo a sua posse em dezembro e aguardando clareza sobre o plano do novo governo para lidar com o Brasil.<\/p>\n\n\n\n<p>Embora os dois presidentes nunca tenham se reunido, as rela\u00e7\u00f5es comerciais entre as duas maiores economias da Am\u00e9rica do Sul prosseguiram normalmente. Muito disso pode ser atribu\u00eddo ao trabalho de Mondino, enviada a Bras\u00edlia antes mesmo da posse de Milei para aliviar as tens\u00f5es causadas por sua ret\u00f3rica inflamada. Desde ent\u00e3o, ela assegurou que a Argentina n\u00e3o s\u00f3 quer manter os la\u00e7os comerciais com o Brasil, mas aprofund\u00e1-los.<\/p>\n\n\n\n<p>Lula e Milei representam modelos econ\u00f4micos radicalmente diferentes e n\u00e3o medem palavras ao criticarem um ao outro. Enquanto Milei, que se autodenomina anarcocapitalista, se comprometeu a privatizar empresas p\u00fablicas e a demitir dezenas de milhares de funcion\u00e1rios p\u00fablicos, Lula procura aumentar gastos p\u00fablicos e revitalizar as estatais.<\/p>\n\n\n\n<p>O brasileiro expressou sua vontade de superar as diferen\u00e7as, dizendo que n\u00e3o precisa ser \u201camigo\u201d de outros presidentes para trabalhar com eles. Os dois devem se encontrar na c\u00fapula do G-20 no Rio de Janeiro ainda este ano, onde Lula ser\u00e1 o anfitri\u00e3o.<\/p>\n","protected":false},"excerpt":{"rendered":"<p>Javier Milei acenou uma bandeira branca ao presidente Luiz In\u00e1cio Lula da Silva, a quem chamou v\u00e1rias vezes de \u201ccomunista\u201d, ao propor um encontro para melhorar as rela\u00e7\u00f5es de alto n\u00edvel entre os pa\u00edses vizinhos. Em viagem a Bras\u00edlia e S\u00e3o Paulo esta semana, a ministra de Rela\u00e7\u00f5es Exteriores argentina, Diana Mondino, entregou em m\u00e3os [&hellip;]<\/p>\n","protected":false},"author":76,"featured_media":540445,"comment_status":"closed","ping_status":"closed","sticky":false,"template":"","format":"standard","meta":{"_acf_changed":false,"inline_featured_image":false,"footnotes":""},"categories":[5],"tags":[102468],"autor-wsj":[],"coauthors":[101325],"class_list":["post-571710","post","type-post","status-publish","format-standard","has-post-thumbnail","hentry","category-economia","tag-lula"],"acf":[],"amp_enabled":true,"_links":{"self":[{"href":"https:\/\/investnews.com.br\/inv-api\/wp\/v2\/posts\/571710","targetHints":{"allow":["GET"]}}],"collection":[{"href":"https:\/\/investnews.com.br\/inv-api\/wp\/v2\/posts"}],"about":[{"href":"https:\/\/investnews.com.br\/inv-api\/wp\/v2\/types\/post"}],"author":[{"embeddable":true,"href":"https:\/\/investnews.com.br\/inv-api\/wp\/v2\/users\/76"}],"replies":[{"embeddable":true,"href":"https:\/\/investnews.com.br\/inv-api\/wp\/v2\/comments?post=571710"}],"version-history":[{"count":2,"href":"https:\/\/investnews.com.br\/inv-api\/wp\/v2\/posts\/571710\/revisions"}],"predecessor-version":[{"id":571714,"href":"https:\/\/investnews.com.br\/inv-api\/wp\/v2\/posts\/571710\/revisions\/571714"}],"wp:featuredmedia":[{"embeddable":true,"href":"https:\/\/investnews.com.br\/inv-api\/wp\/v2\/media\/540445"}],"wp:attachment":[{"href":"https:\/\/investnews.com.br\/inv-api\/wp\/v2\/media?parent=571710"}],"wp:term":[{"taxonomy":"category","embeddable":true,"href":"https:\/\/investnews.com.br\/inv-api\/wp\/v2\/categories?post=571710"},{"taxonomy":"post_tag","embeddable":true,"href":"https:\/\/investnews.com.br\/inv-api\/wp\/v2\/tags?post=571710"},{"taxonomy":"autor-wsj","embeddable":true,"href":"https:\/\/investnews.com.br\/inv-api\/wp\/v2\/autor-wsj?post=571710"},{"taxonomy":"author","embeddable":true,"href":"https:\/\/investnews.com.br\/inv-api\/wp\/v2\/coauthors?post=571710"}],"curies":[{"name":"wp","href":"https:\/\/api.w.org\/{rel}","templated":true}]}}