{"id":572093,"date":"2024-04-20T10:43:50","date_gmt":"2024-04-20T13:43:50","guid":{"rendered":"https:\/\/investnews.com.br\/?p=572093"},"modified":"2024-04-20T10:43:52","modified_gmt":"2024-04-20T13:43:52","slug":"carlos-slim-diz-que-pretende-investir-r40-bilhoes-no-brasil-nos-proximos-anos","status":"publish","type":"post","link":"https:\/\/investnews.com.br\/negocios\/carlos-slim-diz-que-pretende-investir-r40-bilhoes-no-brasil-nos-proximos-anos\/","title":{"rendered":"Carlos Slim diz que pretende investir R$40 bilh\u00f5es no Brasil nos pr\u00f3ximos anos"},"content":{"rendered":"<p>BRAS\u00cdLIA (Reuters) &#8211; O magnata mexicano Carlos Slim, fundador do Grupo Am\u00e9rica M\u00f3vil (AMX), dono da Claro, afirmou nesta sexta-feira que avalia investir mais de 40 bilh\u00f5es de reais no Brasil nos pr\u00f3ximos quatro ou cinco anos.<\/p>\n<p>Slim disse ainda, ap\u00f3s reuni\u00e3o com o presidente Luiz In\u00e1cio Lula da Silva no Pal\u00e1cio do Planalto, que os investimentos ser\u00e3o destinados \u00e0 tecnologia 5G e \u00e0 rede de fibra, que precisa ser &#8220;mais ampla&#8221;.<\/p>\n<p>&#8220;Nos \u00faltimos anos investimos mais de 50 bilh\u00f5es, nos \u00faltimos cinco anos. Agora estamos pensando acima de 40 bilh\u00f5es de reais nos pr\u00f3ximos quatro ou cinco anos&#8221;, disse o empres\u00e1rio a jornalistas.<\/p>\n<p>Questionado sobre a possibilidade de comprar a empresa de telecomunica\u00e7\u00f5es brasileira Oi , que se encontra em <a href=\"https:\/\/investnews.com.br\/guias\/recuperacao-judicial\/\">recupera\u00e7\u00e3o judicial<\/a>, Slim disse que n\u00e3o considera a compra de qualquer empresa no pa\u00eds. Para o empres\u00e1rio, o foco est\u00e1 na amplia\u00e7\u00e3o de investimentos.<\/p>\n<p>&#8220;N\u00e3o estamos pensando em adquirir nenhuma empresa, mas sim em investir mais\u00a0e\u00a0competir\u00a0mais&#8221;, afirmou.<\/p>\n<p>(Reportagem de Lisandra Paraguassu)<\/p>\n","protected":false},"excerpt":{"rendered":"<p>BRAS\u00cdLIA (Reuters) &#8211; O magnata mexicano Carlos Slim, fundador do Grupo Am\u00e9rica M\u00f3vil (AMX), dono da Claro, afirmou nesta sexta-feira que avalia investir mais de 40 bilh\u00f5es de reais no Brasil nos pr\u00f3ximos quatro ou cinco anos. Slim disse ainda, ap\u00f3s reuni\u00e3o com o presidente Luiz In\u00e1cio Lula da Silva no Pal\u00e1cio do Planalto, que [&hellip;]<\/p>\n","protected":false},"author":61,"featured_media":181587,"comment_status":"closed","ping_status":"closed","sticky":false,"template":"","format":"standard","meta":{"_acf_changed":false,"inline_featured_image":false,"footnotes":""},"categories":[6],"tags":[102288],"autor-wsj":[],"coauthors":[2494],"class_list":["post-572093","post","type-post","status-publish","format-standard","has-post-thumbnail","hentry","category-negocios","tag-reuters"],"acf":[],"amp_enabled":true,"_links":{"self":[{"href":"https:\/\/investnews.com.br\/inv-api\/wp\/v2\/posts\/572093","targetHints":{"allow":["GET"]}}],"collection":[{"href":"https:\/\/investnews.com.br\/inv-api\/wp\/v2\/posts"}],"about":[{"href":"https:\/\/investnews.com.br\/inv-api\/wp\/v2\/types\/post"}],"author":[{"embeddable":true,"href":"https:\/\/investnews.com.br\/inv-api\/wp\/v2\/users\/61"}],"replies":[{"embeddable":true,"href":"https:\/\/investnews.com.br\/inv-api\/wp\/v2\/comments?post=572093"}],"version-history":[{"count":2,"href":"https:\/\/investnews.com.br\/inv-api\/wp\/v2\/posts\/572093\/revisions"}],"predecessor-version":[{"id":572239,"href":"https:\/\/investnews.com.br\/inv-api\/wp\/v2\/posts\/572093\/revisions\/572239"}],"wp:featuredmedia":[{"embeddable":true,"href":"https:\/\/investnews.com.br\/inv-api\/wp\/v2\/media\/181587"}],"wp:attachment":[{"href":"https:\/\/investnews.com.br\/inv-api\/wp\/v2\/media?parent=572093"}],"wp:term":[{"taxonomy":"category","embeddable":true,"href":"https:\/\/investnews.com.br\/inv-api\/wp\/v2\/categories?post=572093"},{"taxonomy":"post_tag","embeddable":true,"href":"https:\/\/investnews.com.br\/inv-api\/wp\/v2\/tags?post=572093"},{"taxonomy":"autor-wsj","embeddable":true,"href":"https:\/\/investnews.com.br\/inv-api\/wp\/v2\/autor-wsj?post=572093"},{"taxonomy":"author","embeddable":true,"href":"https:\/\/investnews.com.br\/inv-api\/wp\/v2\/coauthors?post=572093"}],"curies":[{"name":"wp","href":"https:\/\/api.w.org\/{rel}","templated":true}]}}