{"id":572706,"date":"2024-04-23T14:18:54","date_gmt":"2024-04-23T17:18:54","guid":{"rendered":"https:\/\/investnews.com.br\/?p=572706"},"modified":"2025-10-23T10:58:01","modified_gmt":"2025-10-23T13:58:01","slug":"lula-ainda-vai-decidir-se-antecipara-indicacao-de-sucessor-de-campos-neto","status":"publish","type":"post","link":"https:\/\/investnews.com.br\/economia\/lula-ainda-vai-decidir-se-antecipara-indicacao-de-sucessor-de-campos-neto\/","title":{"rendered":"Lula ainda vai decidir se deve antecipar indica\u00e7\u00e3o de sucessor de Campos Neto"},"content":{"rendered":"<p>O presidente Luiz In\u00e1cio Lula da Silva disse nesta ter\u00e7a-feira (23) que ainda ir\u00e1 decidir se vai antecipar a indica\u00e7\u00e3o do sucessor de Roberto Campos Neto na presid\u00eancia do Banco Central ou se far\u00e1 o an\u00fancio mais pr\u00f3ximo do fim do seu mandato em 31 dezembro.<\/p>\n<p>&#8220;Eu tenho que indicar mais diretores e tenho que indicar o presidente do Banco Central at\u00e9 o final do ano. S\u00f3 tenho que decidir se vou antecipar ou se deixo para indicar o mais pr\u00f3ximo poss\u00edvel do vencimento do mandato&#8221;, disse Lula em caf\u00e9 da manh\u00e3 com jornalistas, em Bras\u00edlia.<\/p>\n<p>O presidente afirmou, no entanto, que n\u00e3o ter\u00e1 problemas em &#8220;conviver&#8221; com Campos Neto pelo restante do mandato do chefe do BC, apontando para o fato de j\u00e1 estarem convivendo juntos h\u00e1 um ano e quatro meses, desde que Lula retornou \u00e0 Presid\u00eancia.<\/p>\n<p><strong>LEIA MAIS:<\/strong> <a href=\"https:\/\/investnews.com.br\/economia\/fator-tombini-cria-receio-na-sucessao-de-campos-neto\/\">&#8216;Fator Tombini&#8217; gera receio no mercado com a sucess\u00e3o de Campos Neto<\/a><\/p>\n<p>O estabelecimento da autonomia operacional do BC em 2021, que determinou um mandato fixo de quatro anos para o presidente da autarquia, criou um cen\u00e1rio in\u00e9dito no terceiro mandato de Lula, impedindo o mandat\u00e1rio de poder indicar imediatamente um nome de sua escolha para comandar a autoridade monet\u00e1ria.<\/p>\n<p>Campos Neto foi indicado pelo antecessor de Lula, o ex-presidente Jair Bolsonaro, seu advers\u00e1rio nas elei\u00e7\u00f5es de 2022 e ainda seu principal rival no atual cen\u00e1rio pol\u00edtico do pa\u00eds.<\/p>\n<p>Desde o in\u00edcio de seu mandato, Lula tem frequentemente destacado suas diverg\u00eancias com Campos Neto. Ele critica principalmente a pol\u00edtica monet\u00e1ria restritiva do BC, afirmando que o patamar da taxa b\u00e1sica de juros continua muito elevado.<\/p>\n<p>Nesta segunda-feira, Lula voltou a questionar a atua\u00e7\u00e3o de Campos Neto e a defender a redu\u00e7\u00e3o dos juros, ressaltando que poucos pa\u00edses atualmente t\u00eam a seguran\u00e7a que o Brasil tem e pedindo &#8220;responsabilidade&#8221; ao chefe do BC.<\/p>\n<p>&#8220;Espero que o Roberto Campos leve em conta que o Brasil n\u00e3o corre nenhum risco&#8230; Existem pouqu\u00edssimos pa\u00edses mais seguros do que o Brasil&#8221;, afirmou o presidente.<\/p>\n<p>De acordo com Lula, quem ganha com os juros altos \u00e9 apenas o mercado e quem perde \u00e9 &#8220;o povo brasileiro&#8221;. Ele disse ser movido pelo interesses da popula\u00e7\u00e3o, e n\u00e3o dos participantes do <a href=\"https:\/\/investnews.com.br\/guias\/como-funciona-o-mercado-financeiro\/\">mercado financeiro<\/a>.<\/p>\n<p>&#8220;Esse pa\u00eds n\u00e3o pode ficar todo dia tomando susto de que o mercado n\u00e3o gostou disso ou n\u00e3o gostou daquilo.&#8221;<\/p>\n<p>No primeiro ano do mandato de Lula, o BC manteve a taxa b\u00e1sica de juros inalterada em 13,75% at\u00e9 sua reuni\u00e3o de agosto, quando realizou um primeiro corte de 0,5 ponto percentual. Atualmente, a Selic est\u00e1 no patamar de 10,75%.<\/p>\n<p>Um dos nomes cotados para a sucess\u00e3o na presid\u00eancia do BC \u00e9 o diretor de Pol\u00edtica Monet\u00e1ria, Gabriel Gal\u00edpolo. O ex-secret\u00e1rio-executivo do Minist\u00e9rio da Fazenda defendeu no in\u00edcio deste m\u00eas que dirigentes da institui\u00e7\u00e3o n\u00e3o deveriam se envolver no processo de escolha, que \u00e9 uma atribui\u00e7\u00e3o do presidente da Rep\u00fablica.<\/p>\n<p>(Por Lisandra Paraguassu, em Bras\u00edlia, e Fernando Cardoso, em S\u00e3o Paulo)<\/p>\n","protected":false},"excerpt":{"rendered":"<p>O presidente afirmou que n\u00e3o ter\u00e1 problemas em &#8220;conviver&#8221; com Campos Neto pelo restante do mandato do chefe do BC.<\/p>\n","protected":false},"author":61,"featured_media":384297,"comment_status":"closed","ping_status":"closed","sticky":false,"template":"","format":"standard","meta":{"_acf_changed":false,"inline_featured_image":false,"footnotes":""},"categories":[5],"tags":[102288,112861],"autor-wsj":[],"coauthors":[2494],"class_list":["post-572706","post","type-post","status-publish","format-standard","has-post-thumbnail","hentry","category-economia","tag-reuters","tag-roberto-campos-neto"],"acf":[],"amp_enabled":true,"_links":{"self":[{"href":"https:\/\/investnews.com.br\/inv-api\/wp\/v2\/posts\/572706","targetHints":{"allow":["GET"]}}],"collection":[{"href":"https:\/\/investnews.com.br\/inv-api\/wp\/v2\/posts"}],"about":[{"href":"https:\/\/investnews.com.br\/inv-api\/wp\/v2\/types\/post"}],"author":[{"embeddable":true,"href":"https:\/\/investnews.com.br\/inv-api\/wp\/v2\/users\/61"}],"replies":[{"embeddable":true,"href":"https:\/\/investnews.com.br\/inv-api\/wp\/v2\/comments?post=572706"}],"version-history":[{"count":4,"href":"https:\/\/investnews.com.br\/inv-api\/wp\/v2\/posts\/572706\/revisions"}],"predecessor-version":[{"id":572769,"href":"https:\/\/investnews.com.br\/inv-api\/wp\/v2\/posts\/572706\/revisions\/572769"}],"wp:featuredmedia":[{"embeddable":true,"href":"https:\/\/investnews.com.br\/inv-api\/wp\/v2\/media\/384297"}],"wp:attachment":[{"href":"https:\/\/investnews.com.br\/inv-api\/wp\/v2\/media?parent=572706"}],"wp:term":[{"taxonomy":"category","embeddable":true,"href":"https:\/\/investnews.com.br\/inv-api\/wp\/v2\/categories?post=572706"},{"taxonomy":"post_tag","embeddable":true,"href":"https:\/\/investnews.com.br\/inv-api\/wp\/v2\/tags?post=572706"},{"taxonomy":"autor-wsj","embeddable":true,"href":"https:\/\/investnews.com.br\/inv-api\/wp\/v2\/autor-wsj?post=572706"},{"taxonomy":"author","embeddable":true,"href":"https:\/\/investnews.com.br\/inv-api\/wp\/v2\/coauthors?post=572706"}],"curies":[{"name":"wp","href":"https:\/\/api.w.org\/{rel}","templated":true}]}}