{"id":572987,"date":"2024-04-24T08:22:25","date_gmt":"2024-04-24T11:22:25","guid":{"rendered":"https:\/\/investnews.com.br\/?p=572987"},"modified":"2024-04-24T08:29:27","modified_gmt":"2024-04-24T11:29:27","slug":"acionistas-da-cielo-rejeitam-elaboracao-de-novo-laudo-para-opa","status":"publish","type":"post","link":"https:\/\/investnews.com.br\/financas\/acionistas-da-cielo-rejeitam-elaboracao-de-novo-laudo-para-opa\/","title":{"rendered":"Acionistas da Cielo rejeitam elabora\u00e7\u00e3o de novo laudo para OPA"},"content":{"rendered":"<p>Os acionistas da <strong>Cielo<\/strong> (<a href=\"https:\/\/investnews.com.br\/cotacao\/ciel3-cielo-instituicao-de-pagamento\/\">CIEL3<\/a>) rejeitaram em assembleia especial na ter\u00e7a-feira (23) proposta de minorit\u00e1rios para realizar nova avalia\u00e7\u00e3o das a\u00e7\u00f5es da companhia no \u00e2mbito da oferta destinada a fechar o capital da empresa, informou a Cielo em fato relevante.<\/p>\n<p>A delibera\u00e7\u00e3o sobre um novo laudo de avalia\u00e7\u00e3o para oferta p\u00fablica de aquisi\u00e7\u00e3o de a\u00e7\u00f5es (OPA) estava prevista para 2 de abril, mas foi suspensa por 21 dias a pedido de um grupo de acionistas minorit\u00e1rios, ap\u00f3s a companhia informar que seus controladores &#8212; Banco do Brasil e Bradesco &#8212; aceitaram elevar o pre\u00e7o da OPA a R$ 5,60 desde que os minorit\u00e1rios votassem contra realiza\u00e7\u00e3o de novo laudo.<\/p>\n<p>Um laudo anterior, produzido a pedido dos controladores pelo Bank of America, avaliava os pap\u00e9is da companhia em R$ 5,35 cada. Os acionistas, detentores de mais de 10% do capital social da Cielo, afirmavam que o laudo trazia inconsist\u00eancias de metodologia e que o pre\u00e7o da oferta deveria ser de R$ 8,61.<\/p>\n<p>Na ter\u00e7a-feira (23), as <a href=\"https:\/\/investnews.com.br\/guias\/acoes-ordinarias-e-preferenciais-entenda\/\">a\u00e7\u00f5es ordin\u00e1rias<\/a> da Cielo encerraram o preg\u00e3o em alta de 0,53%, cotadas a R$ 5,59 cada.<\/p>\n<p>&#8220;Dessa forma, resta verificada uma das condi\u00e7\u00f5es suspensivas da obriga\u00e7\u00e3o assumida pelos ofertantes de elevar o pre\u00e7o da OPA caso ela venha a ser efetivamente lan\u00e7ada, tendo sido tal obriga\u00e7\u00e3o condicionada, ainda, a que sejam integralmente cumpridas as obriga\u00e7\u00f5es assumidas pelo grupo de acionistas minorit\u00e1rios que se comprometeu a apoiar a poss\u00edvel OPA&#8221;, disse a institui\u00e7\u00e3o de pagamentos no documento ao mercado.<\/p>\n<p>(Reportagem de Patricia Vilas BoasEdi\u00e7\u00e3o de Alexandre Caverni e Fabr\u00edcio de Castro)<\/p>\n","protected":false},"excerpt":{"rendered":"<p>Minorit\u00e1rios propuseram avalia\u00e7\u00e3o das a\u00e7\u00f5es da companhia a fim do fechamento de capital<\/p>\n","protected":false},"author":61,"featured_media":554847,"comment_status":"closed","ping_status":"closed","sticky":false,"template":"","format":"standard","meta":{"_acf_changed":false,"inline_featured_image":false,"footnotes":""},"categories":[4],"tags":[165,102288],"autor-wsj":[],"coauthors":[2494],"class_list":["post-572987","post","type-post","status-publish","format-standard","has-post-thumbnail","hentry","category-financas","tag-cielo","tag-reuters"],"acf":[],"amp_enabled":true,"_links":{"self":[{"href":"https:\/\/investnews.com.br\/inv-api\/wp\/v2\/posts\/572987","targetHints":{"allow":["GET"]}}],"collection":[{"href":"https:\/\/investnews.com.br\/inv-api\/wp\/v2\/posts"}],"about":[{"href":"https:\/\/investnews.com.br\/inv-api\/wp\/v2\/types\/post"}],"author":[{"embeddable":true,"href":"https:\/\/investnews.com.br\/inv-api\/wp\/v2\/users\/61"}],"replies":[{"embeddable":true,"href":"https:\/\/investnews.com.br\/inv-api\/wp\/v2\/comments?post=572987"}],"version-history":[{"count":4,"href":"https:\/\/investnews.com.br\/inv-api\/wp\/v2\/posts\/572987\/revisions"}],"predecessor-version":[{"id":573027,"href":"https:\/\/investnews.com.br\/inv-api\/wp\/v2\/posts\/572987\/revisions\/573027"}],"wp:featuredmedia":[{"embeddable":true,"href":"https:\/\/investnews.com.br\/inv-api\/wp\/v2\/media\/554847"}],"wp:attachment":[{"href":"https:\/\/investnews.com.br\/inv-api\/wp\/v2\/media?parent=572987"}],"wp:term":[{"taxonomy":"category","embeddable":true,"href":"https:\/\/investnews.com.br\/inv-api\/wp\/v2\/categories?post=572987"},{"taxonomy":"post_tag","embeddable":true,"href":"https:\/\/investnews.com.br\/inv-api\/wp\/v2\/tags?post=572987"},{"taxonomy":"autor-wsj","embeddable":true,"href":"https:\/\/investnews.com.br\/inv-api\/wp\/v2\/autor-wsj?post=572987"},{"taxonomy":"author","embeddable":true,"href":"https:\/\/investnews.com.br\/inv-api\/wp\/v2\/coauthors?post=572987"}],"curies":[{"name":"wp","href":"https:\/\/api.w.org\/{rel}","templated":true}]}}