{"id":573895,"date":"2024-04-26T09:50:51","date_gmt":"2024-04-26T12:50:51","guid":{"rendered":"https:\/\/investnews.com.br\/?p=573895"},"modified":"2024-04-26T10:17:57","modified_gmt":"2024-04-26T13:17:57","slug":"previa-da-inflacao-em-abril-medida-pelo-ipca-15-desacelera-a-021","status":"publish","type":"post","link":"https:\/\/investnews.com.br\/economia\/previa-da-inflacao-em-abril-medida-pelo-ipca-15-desacelera-a-021\/","title":{"rendered":"Pr\u00e9via da infla\u00e7\u00e3o em abril, medida pelo IPCA-15, desacelera a 0,21%"},"content":{"rendered":"<p>O \u00cdndice Nacional de Pre\u00e7os ao Consumidor Amplo-15 (IPCA-15), considerado a pr\u00e9via da infla\u00e7\u00e3o oficial no Brasil, subiu 0,21% em abril ante alta de 0,36% em mar\u00e7o, informou o Instituto Brasileiro de Geografia e Estat\u00edstica (IBGE). Pesquisa da Reuters com economistas estimava alta maior, de 0,29%, para o per\u00edodo.<\/p>\n<p>Apesar da desacelera\u00e7\u00e3o da alta dos pre\u00e7os ao consumidor brasileiro, o presidente do Banco Central, Roberto Campos Neto, ressaltou nesta sexta-feira (26) que a infla\u00e7\u00e3o est\u00e1 caindo mais lentamente no mundo. Para ele, o processo desinflacion\u00e1rio nos Estados Unidos concentra todas as aten\u00e7\u00f5es.<\/p>\n<p>Em evento promovido pelo Young Presidents\u2019 Organization (YPO), Campos Neto disse que as incertezas decorrem do fato de n\u00e3o ser poss\u00edvel enxergar de onde vir\u00e1 a desinfla\u00e7\u00e3o nos EUA.<\/p>\n<p>J\u00e1 em rela\u00e7\u00e3o ao Brasil, Campos Neto disse, em apresenta\u00e7\u00e3o preparada para uma palestra, que a infla\u00e7\u00e3o no pa\u00eds&nbsp; mant\u00e9m a trajet\u00f3ria de queda. Ele destacou dados de mar\u00e7o melhores do que o esperado.<\/p>\n<p>No entanto, o presidente do BC ponderou, na apresenta\u00e7\u00e3o, que a infla\u00e7\u00e3o de servi\u00e7os subjacente segue em n\u00edvel elevado, mostrando-se mais resiliente nos itens mais ligados ao mercado de trabalho.<\/p>\n<p>Ele ressaltou ainda que as expectativas de infla\u00e7\u00e3o de longo prazo no Brasil permanecem desancoradas.<\/p>\n","protected":false},"excerpt":{"rendered":"<p>Presidente do Banco Central, Roberto Campos Neto, diz que infla\u00e7\u00e3o est\u00e1 caindo mais lentamente no mundo<\/p>\n","protected":false},"author":61,"featured_media":573914,"comment_status":"closed","ping_status":"closed","sticky":false,"template":"","format":"standard","meta":{"_acf_changed":false,"inline_featured_image":false,"footnotes":""},"categories":[5],"tags":[56,1246,52,102288],"autor-wsj":[],"coauthors":[2494],"class_list":["post-573895","post","type-post","status-publish","format-standard","has-post-thumbnail","hentry","category-economia","tag-banco-central","tag-federal-reserve","tag-inflacao","tag-reuters"],"acf":[],"amp_enabled":true,"_links":{"self":[{"href":"https:\/\/investnews.com.br\/inv-api\/wp\/v2\/posts\/573895","targetHints":{"allow":["GET"]}}],"collection":[{"href":"https:\/\/investnews.com.br\/inv-api\/wp\/v2\/posts"}],"about":[{"href":"https:\/\/investnews.com.br\/inv-api\/wp\/v2\/types\/post"}],"author":[{"embeddable":true,"href":"https:\/\/investnews.com.br\/inv-api\/wp\/v2\/users\/61"}],"replies":[{"embeddable":true,"href":"https:\/\/investnews.com.br\/inv-api\/wp\/v2\/comments?post=573895"}],"version-history":[{"count":4,"href":"https:\/\/investnews.com.br\/inv-api\/wp\/v2\/posts\/573895\/revisions"}],"predecessor-version":[{"id":573919,"href":"https:\/\/investnews.com.br\/inv-api\/wp\/v2\/posts\/573895\/revisions\/573919"}],"wp:featuredmedia":[{"embeddable":true,"href":"https:\/\/investnews.com.br\/inv-api\/wp\/v2\/media\/573914"}],"wp:attachment":[{"href":"https:\/\/investnews.com.br\/inv-api\/wp\/v2\/media?parent=573895"}],"wp:term":[{"taxonomy":"category","embeddable":true,"href":"https:\/\/investnews.com.br\/inv-api\/wp\/v2\/categories?post=573895"},{"taxonomy":"post_tag","embeddable":true,"href":"https:\/\/investnews.com.br\/inv-api\/wp\/v2\/tags?post=573895"},{"taxonomy":"autor-wsj","embeddable":true,"href":"https:\/\/investnews.com.br\/inv-api\/wp\/v2\/autor-wsj?post=573895"},{"taxonomy":"author","embeddable":true,"href":"https:\/\/investnews.com.br\/inv-api\/wp\/v2\/coauthors?post=573895"}],"curies":[{"name":"wp","href":"https:\/\/api.w.org\/{rel}","templated":true}]}}