{"id":575169,"date":"2024-05-01T13:37:50","date_gmt":"2024-05-01T16:37:50","guid":{"rendered":"https:\/\/investnews.com.br\/?p=575169"},"modified":"2024-05-01T14:07:08","modified_gmt":"2024-05-01T17:07:08","slug":"moodys-eleva-perspectiva-do-brasil-para-positiva-e-mantem-classificacao-de-risco","status":"publish","type":"post","link":"https:\/\/investnews.com.br\/economia\/moodys-eleva-perspectiva-do-brasil-para-positiva-e-mantem-classificacao-de-risco\/","title":{"rendered":"Moody&#8217;s eleva perspectiva do Brasil para positiva e mant\u00e9m classifica\u00e7\u00e3o de risco"},"content":{"rendered":"\n<p>A Moody&#8217;s reafirmou nesta quarta-feira (1) a classifica\u00e7\u00e3o de risco de cr\u00e9dito do Brasil em Ba2 e alterou a perspectiva do pa\u00eds de &#8220;est\u00e1vel&#8221; para &#8220;positiva&#8221;, conforme comunicado da ag\u00eancia de <a href=\"https:\/\/investnews.com.br\/guias\/rating-entenda-a-escala-de-classificacao-de-risco-de-credito\/\">rating<\/a>.<\/p>\n\n\n\n<p>No comunicado, a ag\u00eancia avaliou que as perspectivas de crescimento real (descontada a infla\u00e7\u00e3o) do Produto Interno Bruto (PIB) do Brasil s\u00e3o mais robustas do que nos anos pr\u00e9-pandemia, &#8220;apoiadas pela implementa\u00e7\u00e3o de reformas estruturais em m\u00faltiplas administra\u00e7\u00f5es, bem como pela presen\u00e7a de barreiras de prote\u00e7\u00e3o institucionais que reduzem a incerteza em torno da dire\u00e7\u00e3o pol\u00edtica futura&#8221;.<\/p>\n\n\n\n<p>Conforme a Moody&#8217;s, a altera\u00e7\u00e3o da perspectiva para &#8220;positiva&#8221; \u00e9 sustentada pela avalia\u00e7\u00e3o de que &#8220;um crescimento mais robusto, combinado com um progresso cont\u00ednuo, embora gradual, em dire\u00e7\u00e3o \u00e0 consolida\u00e7\u00e3o fiscal, pode permitir a estabiliza\u00e7\u00e3o do peso da d\u00edvida do Brasil&#8221;.<\/p>\n\n\n\n<p>&#8220;A Moody&#8217;s espera que o crescimento real do PIB fique em m\u00e9dia em torno de 2% em 2024-25 e no m\u00e9dio prazo, bem acima da taxa m\u00e9dia anual pr\u00e9-pandemia de -0,5% observada em 2015-19&#8221;, afirmou a ag\u00eancia.<\/p>\n\n\n\n<p>No entanto, a ag\u00eancia pontuou que existem riscos para a execu\u00e7\u00e3o, por parte do governo, da consolida\u00e7\u00e3o do or\u00e7amento. <\/p>\n\n\n\n<p>Ao tratar da manuten\u00e7\u00e3o do rating Ba2, a Moody&#8217;s citou a d\u00edvida ainda elevada do Brasil. &#8220;A classifica\u00e7\u00e3o Ba2 reflete uma solidez fiscal ainda relativamente fraca, dada a rigidez dos gastos do Brasil, o elevado peso da d\u00edvida e a fraca capacidade de pagamento da d\u00edvida, que permanece sens\u00edvel a choques econ\u00f4micos ou financeiros&#8221;, afirmou a ag\u00eancia.<\/p>\n\n\n\n<p>&#8220;A Moody&#8217;s espera que o peso da d\u00edvida provavelmente aumente ligeiramente em 2024-25, antes de se estabilizar dentro de alguns anos&#8221;, acrescentou.<\/p>\n\n\n\n<p>Uma das principais ag\u00eancias globais de rating de cr\u00e9dito, a Moody\u2019s mant\u00e9m a classifica\u00e7\u00e3o Ba2 para o Brasil desde fevereiro de 2016, o que coloca o pa\u00eds no grupo de \u201cgrau especulativo\u201d.<\/p>\n\n\n\n<h2 class=\"wp-block-heading\">Rea\u00e7\u00e3o do governo<\/h2>\n\n\n\n<p>Em nota, o Minist\u00e9rio da Fazenda comemorou a mudan\u00e7a de perspectiva para o rating do pa\u00eds.<\/p>\n\n\n\n<p>&#8220;Essa decis\u00e3o \u00e9 a primeira movimenta\u00e7\u00e3o da Moody\u2019s desde 2018, quando houve a mudan\u00e7a de perspectiva de negativa para est\u00e1vel, e refor\u00e7a a melhoria na trajet\u00f3ria da nota de cr\u00e9dito verificada desde 2023, com a eleva\u00e7\u00e3o do rating tanto pela S&amp;P quanto pela Fitch&#8221;, afirmou o minist\u00e9rio, citando as duas outras ag\u00eancias globais de classifica\u00e7\u00e3o de risco.<\/p>\n","protected":false},"excerpt":{"rendered":"<p>Ag\u00eancia destaca como positivas as reformas estruturas e prote\u00e7\u00f5es institucionais, mas v\u00ea risco na execu\u00e7\u00e3o do or\u00e7amento<\/p>\n","protected":false},"author":61,"featured_media":48693,"comment_status":"closed","ping_status":"closed","sticky":false,"template":"","format":"standard","meta":{"_acf_changed":false,"inline_featured_image":false,"footnotes":""},"categories":[5],"tags":[155,102288],"autor-wsj":[],"coauthors":[2494],"class_list":["post-575169","post","type-post","status-publish","format-standard","has-post-thumbnail","hentry","category-economia","tag-brasil","tag-reuters"],"acf":[],"amp_enabled":true,"_links":{"self":[{"href":"https:\/\/investnews.com.br\/inv-api\/wp\/v2\/posts\/575169","targetHints":{"allow":["GET"]}}],"collection":[{"href":"https:\/\/investnews.com.br\/inv-api\/wp\/v2\/posts"}],"about":[{"href":"https:\/\/investnews.com.br\/inv-api\/wp\/v2\/types\/post"}],"author":[{"embeddable":true,"href":"https:\/\/investnews.com.br\/inv-api\/wp\/v2\/users\/61"}],"replies":[{"embeddable":true,"href":"https:\/\/investnews.com.br\/inv-api\/wp\/v2\/comments?post=575169"}],"version-history":[{"count":6,"href":"https:\/\/investnews.com.br\/inv-api\/wp\/v2\/posts\/575169\/revisions"}],"predecessor-version":[{"id":575189,"href":"https:\/\/investnews.com.br\/inv-api\/wp\/v2\/posts\/575169\/revisions\/575189"}],"wp:featuredmedia":[{"embeddable":true,"href":"https:\/\/investnews.com.br\/inv-api\/wp\/v2\/media\/48693"}],"wp:attachment":[{"href":"https:\/\/investnews.com.br\/inv-api\/wp\/v2\/media?parent=575169"}],"wp:term":[{"taxonomy":"category","embeddable":true,"href":"https:\/\/investnews.com.br\/inv-api\/wp\/v2\/categories?post=575169"},{"taxonomy":"post_tag","embeddable":true,"href":"https:\/\/investnews.com.br\/inv-api\/wp\/v2\/tags?post=575169"},{"taxonomy":"autor-wsj","embeddable":true,"href":"https:\/\/investnews.com.br\/inv-api\/wp\/v2\/autor-wsj?post=575169"},{"taxonomy":"author","embeddable":true,"href":"https:\/\/investnews.com.br\/inv-api\/wp\/v2\/coauthors?post=575169"}],"curies":[{"name":"wp","href":"https:\/\/api.w.org\/{rel}","templated":true}]}}