{"id":577177,"date":"2024-05-06T16:53:37","date_gmt":"2024-05-06T19:53:37","guid":{"rendered":"https:\/\/investnews.com.br\/?p=577177"},"modified":"2024-05-06T16:53:39","modified_gmt":"2024-05-06T19:53:39","slug":"rio-grande-do-sul-tem-472-mil-consumidores-sem-energia","status":"publish","type":"post","link":"https:\/\/investnews.com.br\/economia\/rio-grande-do-sul-tem-472-mil-consumidores-sem-energia\/","title":{"rendered":"Rio Grande do Sul tem 472 mil consumidores sem energia"},"content":{"rendered":"<p>S\u00c3O PAULO (Reuters) &#8211; O Rio Grande do Sul registrava 472 consumidores com fornecimento de energia el\u00e9trica interrompido nesta segunda-feira, segundo informa\u00e7\u00f5es das distribuidoras locais.<\/p>\n<p>O n\u00famero de unidades consumidoras sem energia equivale a quase 10% das pouco mais de 5 milh\u00f5es cadastradas no Rio Grande do Sul, segundo dados da Ag\u00eancia Nacional de Energia El\u00e9trica (Aneel).<\/p>\n<p>Os registros v\u00eam aumentando desde o fim da semana passada, quando o Estado tinha pouco mais de 300 mil clientes de distribuidoras sem luz.<\/p>\n<p>A CEEE, do grupo Equatorial, informou que nesta manh\u00e3 havia 188 mil clientes sem energia em sua \u00e1rea de concess\u00e3o, que compreende a capital Porto Alegre e regi\u00e3o metropolitana e outros munic\u00edpios do sul e litoral.<\/p>\n<p>Dos desabastecidos, 179 mil est\u00e3o desligados por seguran\u00e7a devido a \u00e1reas alagadas, atendendo a solicita\u00e7\u00f5es da Defesa Civil, do Corpo de Bombeiros e das prefeituras municipais, disse a CEEE. Os munic\u00edpios mais atingidos s\u00e3o Eldorado do Sul, Gua\u00edba, Porto Alegre, Alvorada e Viam\u00e3o.<\/p>\n<p>J\u00e1 a RGE, do grupo CPFL, com clientes principalmente no interior ga\u00facho, afirmou que 265,4 mil clientes est\u00e3o sem energia, sendo a maioria em \u00e1reas alagadas em locais com impedimento de acesso das equipes.<\/p>\n<p>Entre as regi\u00f5es atendidas pela RGE, as mais afetadas s\u00e3o Metropolitana (84,4 mil), Vale do Taquari (67,8 mil), Vale dos Sinos (55,8 mil), Vale do Rio Pardo, (35,4 mil) Serra (6,6 mil), Central (5,3 mil) e Planalto (5,2 mil).<\/p>\n<p>A cooperativa de energia Certel, que atua em munic\u00edpios do Vale do Taquari, informou que 19 mil de seus associados est\u00e3o sem luz, sendo que a expectativa \u00e9 restabelecer completamente os servi\u00e7os ainda nesta semana ap\u00f3s reconstru\u00e7\u00e3o das redes.<\/p>\n<p>Segundo a Certel, na v\u00e9spera foram restabelecidas as subesta\u00e7\u00f5es de Lajeado e Forquetinha, possibilitando o retorno da energia para cerca de 25 mil associados nos munic\u00edpios de Lajeado, Santa Clara do Sul, S\u00e9rio e Boqueir\u00e3o do Le\u00e3o.<\/p>\n<p>As empresas reiteraram que suas equipes seguem mobilizadas para restabelecer o fornecimento de energia aos clientes no menor prazo\u00a0poss\u00edvel, respeitando as condi\u00e7\u00f5es t\u00e9cnicas\u00a0e\u00a0de\u00a0seguran\u00e7a.<\/p>\n<p>Mais de dois ter\u00e7os das cidades ga\u00fachas foram afetadas pelos eventos clim\u00e1ticos que se intensificaram na semana passada, provocando mortes e deixando milhares de pessoas desalojadas. Al\u00e9m de interromper servi\u00e7os essenciais, como de \u00e1gua e esgoto, as chuvas levaram a cheias em rios em v\u00e1rias regi\u00f5es do Estado, al\u00e9m da destrui\u00e7\u00e3o de estradas e pontes.<\/p>\n<p>Seugndo informe divulgado na v\u00e9spera pela ag\u00eancia reguladora de energia Aneel, o Estado tem cinco barragens de usinas hidrel\u00e9tricas em estado de aten\u00e7\u00e3o: Bugres (barragem Blang e divisa), Canastra, Castro Alves, Furnas do Segredo e Monte Claro. Tamb\u00e9m h\u00e1 duas barragens em estado de emerg\u00eancia, as de da usina 14 de Julho, que j\u00e1 teve rompimento parcial, e Salto Forqueta.<\/p>\n<p>Segundo a Aneel, na v\u00e9spera tamb\u00e9m houve desligamento da t\u00e9rmica Pampa Sul durante a madrugada. A ag\u00eancia tamb\u00e9m observou que a subesta\u00e7\u00e3o de energia Nova Santa Rita permanece desligada devido \u00e0s inunda\u00e7\u00f5es, o que deixa fora de opera\u00e7\u00e3o 16 importantes linhas de transmiss\u00e3o.<\/p>\n<p>&#8220;Isso fragiliza a conex\u00e3o entre os sistemas de transmiss\u00e3o e deixa os sistemas remanescentes sobrecarregados e mais suscet\u00edveis a novas conting\u00eancias que podem levar a cortes de cargas&#8221;, disse a Aneel, ao comentar sobre o desligamento da subesta\u00e7\u00e3o.<\/p>\n<p>(Por Let\u00edcia Fucuchima)<\/p>\n","protected":false},"excerpt":{"rendered":"<p>N\u00famero corresponde a 10% do total de unidades consumidoras (resid\u00eancias e empresas)<\/p>\n","protected":false},"author":61,"featured_media":576971,"comment_status":"closed","ping_status":"closed","sticky":false,"template":"","format":"standard","meta":{"_acf_changed":false,"inline_featured_image":false,"footnotes":""},"categories":[5],"tags":[102288],"autor-wsj":[],"coauthors":[2494],"class_list":["post-577177","post","type-post","status-publish","format-standard","has-post-thumbnail","hentry","category-economia","tag-reuters"],"acf":[],"amp_enabled":true,"_links":{"self":[{"href":"https:\/\/investnews.com.br\/inv-api\/wp\/v2\/posts\/577177","targetHints":{"allow":["GET"]}}],"collection":[{"href":"https:\/\/investnews.com.br\/inv-api\/wp\/v2\/posts"}],"about":[{"href":"https:\/\/investnews.com.br\/inv-api\/wp\/v2\/types\/post"}],"author":[{"embeddable":true,"href":"https:\/\/investnews.com.br\/inv-api\/wp\/v2\/users\/61"}],"replies":[{"embeddable":true,"href":"https:\/\/investnews.com.br\/inv-api\/wp\/v2\/comments?post=577177"}],"version-history":[{"count":2,"href":"https:\/\/investnews.com.br\/inv-api\/wp\/v2\/posts\/577177\/revisions"}],"predecessor-version":[{"id":577189,"href":"https:\/\/investnews.com.br\/inv-api\/wp\/v2\/posts\/577177\/revisions\/577189"}],"wp:featuredmedia":[{"embeddable":true,"href":"https:\/\/investnews.com.br\/inv-api\/wp\/v2\/media\/576971"}],"wp:attachment":[{"href":"https:\/\/investnews.com.br\/inv-api\/wp\/v2\/media?parent=577177"}],"wp:term":[{"taxonomy":"category","embeddable":true,"href":"https:\/\/investnews.com.br\/inv-api\/wp\/v2\/categories?post=577177"},{"taxonomy":"post_tag","embeddable":true,"href":"https:\/\/investnews.com.br\/inv-api\/wp\/v2\/tags?post=577177"},{"taxonomy":"autor-wsj","embeddable":true,"href":"https:\/\/investnews.com.br\/inv-api\/wp\/v2\/autor-wsj?post=577177"},{"taxonomy":"author","embeddable":true,"href":"https:\/\/investnews.com.br\/inv-api\/wp\/v2\/coauthors?post=577177"}],"curies":[{"name":"wp","href":"https:\/\/api.w.org\/{rel}","templated":true}]}}