{"id":577451,"date":"2024-05-07T16:46:41","date_gmt":"2024-05-07T19:46:41","guid":{"rendered":"https:\/\/investnews.com.br\/?p=577451"},"modified":"2024-06-28T16:27:35","modified_gmt":"2024-06-28T19:27:35","slug":"para-economistas-cenario-do-copom-mudou-para-pior-e-bc-deve-desacelerar-ritmo","status":"publish","type":"post","link":"https:\/\/investnews.com.br\/economia\/para-economistas-cenario-do-copom-mudou-para-pior-e-bc-deve-desacelerar-ritmo\/","title":{"rendered":"Para economistas, cen\u00e1rio do Copom mudou para pior e BC deve desacelerar ritmo"},"content":{"rendered":"\n<p>O Banco Central dever\u00e1 desacelerar o ritmo de corte da <a href=\"https:\/\/investnews.com.br\/guias\/taxa-selic\/\">taxa Selic<\/a> para 0,25 pontos percentuais (pp) nesta quarta-feira (8), ap\u00f3s seis cortes consecutivos de 0,50pp, segundo a maioria dos analistas consultados pela Bloomberg.<\/p>\n\n\n\n<p>O cen\u00e1rio do <a href=\"https:\/\/investnews.com.br\/guias\/copom-taxa-selic\/\">Copom<\/a> mudou para pior, dizem os economistas, com um pano de fundo externo mais adverso pelo adiamento das apostas em corte de juros nos EUA &#8211; o que chegou a levar o d\u00f3lar para acima de R$ 5,20 nas \u00faltimas semanas. Al\u00e9m disso, as expectativas de infla\u00e7\u00e3o subiram na esteira da revis\u00e3o da meta fiscal.<\/p>\n\n\n\n<p>Entre 28 analistas pesquisados pela Bloomberg, 19 esperam redu\u00e7\u00e3o de juro de apenas 0,25pp, para 10,50%, contra nove que preveem que o BC cortar\u00e1 a Selic em 0,50pp, respeitando o chamado \u201cforward guidance\u201d, a sinaliza\u00e7\u00e3o futura do Copom, dado na reuni\u00e3o de mar\u00e7o.<\/p>\n\n\n\n<p>A curva de juros projeta redu\u00e7\u00e3o de menos de 30 pontos-base e, na segunda-feira (6), as taxas futuras voltaram a subir, com o receio do <a href=\"https:\/\/investnews.com.br\/economia\/desastres-climaticos-nao-estao-apenas-mais-frequentes-estao-mais-concentrados\/\">impacto das chuvas<\/a> no Rio Grande do Sul. O temor \u00e9 de que a enchentes afetem a produ\u00e7\u00e3o agr\u00edcola e elevem os pre\u00e7os dos alimentos, al\u00e9m de piorar o cen\u00e1rio fiscal, dado o gasto com ajuda federal ao estado.<\/p>\n\n\n\n<p>O presidente do BC, Roberto Campos Neto, tamb\u00e9m tem chancelado a cautela do mercado. A partir de meados de abril, Campos Neto passou a citar incerteza maior com fatores como a d\u00edvida e a piora da expectativa inflacion\u00e1ria \u2014 mesmo com os recentes dados mais benignos de infla\u00e7\u00e3o.<\/p>\n\n\n\n<p>Economistas consideram tamb\u00e9m que a decis\u00e3o pode n\u00e3o ser un\u00e2nime, seja para um corte de 0,25pp ou 0,50pp. O BC deve remover o guidance \u2014 alterado em mar\u00e7o para dizer que, se o cen\u00e1rio se confirmasse, antevia \u201credu\u00e7\u00e3o de mesma magnitude na pr\u00f3xima reuni\u00e3o\u201d.<\/p>\n\n\n\n<p>Veja coment\u00e1rios dos analistas:<\/p>\n\n\n\n<p>Ana Paula Vescovi, economista-chefe do Santander&nbsp;<\/p>\n\n\n\n<ul class=\"wp-block-list\">\n<li>A recente virada hawkish nos discursos de alguns membros do Copom prevalecer\u00e1 na forma de uma desacelera\u00e7\u00e3o no ritmo dos cortes da Selic para 0,25pp<\/li>\n\n\n\n<li>A decis\u00e3o deveria ser un\u00e2nime, na nossa opini\u00e3o, mas n\u00e3o pode ser descartada uma vota\u00e7\u00e3o dividida, com alguns membros votando a favor de um corte de 0,50pp<\/li>\n\n\n\n<li>\u201cQuanto aos sinais para os pr\u00f3ximos passos, esperamos maior depend\u00eancia de dados, o que estaria em linha com o elevado desconforto de alguns membros com o aumento da incerteza, mas tamb\u00e9m n\u00e3o podemos descartar o sinal de outros cortes de 0,25pp\u201d<\/li>\n<\/ul>\n\n\n\n<p>M\u00e1rio Mesquita, economista-chefe do Banco Ita\u00fa<\/p>\n\n\n\n<ul class=\"wp-block-list\">\n<li>BC deve cortar juro em 0,25pp e manter sinaliza\u00e7\u00e3o de depend\u00eancia dos dados<\/li>\n\n\n\n<li>Pano de fundo \u00e9 de maior incerteza externa, com adiamento e redu\u00e7\u00e3o de or\u00e7amentos de cortes de juros, e dom\u00e9stica, com converg\u00eancia da din\u00e2mica das contas p\u00fablicas mais tardia e mais incerta<\/li>\n<\/ul>\n\n\n\n<p>Cassiana Fernandez e Vinicius Moreira, do JPMorgan<\/p>\n\n\n\n<ul class=\"wp-block-list\">\n<li>BC deve reduzir o passo<\/li>\n\n\n\n<li>Membros do Copom reconheceram publicamente que a combina\u00e7\u00e3o do aperto monet\u00e1rio global e da redu\u00e7\u00e3o da meta fiscal de 2025 aumenta a incerteza<\/li>\n\n\n\n<li>\u201cVemos chances crescentes de um voto dissidente\u201d<\/li>\n<\/ul>\n\n\n\n<p>Alberto Ramos, economista-chefe para Am\u00e9rica Latina do Goldman Sachs<\/p>\n\n\n\n<ul class=\"wp-block-list\">\n<li>BC deve se desviar de seu forward guidance e desacelerar o ritmo; Goldman n\u00e3o descarta um ou mais votos por redu\u00e7\u00e3o de 0,50pp<\/li>\n\n\n\n<li>Tamb\u00e9m h\u00e1 alguma probabilidade de corte de 0,50pp, com dissenso em favor de corte menor e um \u201ccomunicado hawkish\u201d, sugerindo espa\u00e7o limitado para um relaxamento monet\u00e1rio adicional significativo<\/li>\n<\/ul>\n\n\n\n<p>Claudio Ferraz e equipe do BTG Pactual<\/p>\n\n\n\n<ul class=\"wp-block-list\">\n<li>\u201cNa d\u00favida, v\u00e1 mais devagar\u201d, diz banco, que v\u00ea corte de 0,25pp e remo\u00e7\u00e3o de forward guidance<\/li>\n\n\n\n<li>Houve aumento da incerteza externa desde o Copom anterior, especialmente sobre desinfla\u00e7\u00e3o nos EUA<\/li>\n<\/ul>\n\n\n\n<p>&nbsp;Fernando Honorato, economista-chefe do Bradesco<\/p>\n\n\n\n<ul class=\"wp-block-list\">\n<li>H\u00e1 espa\u00e7o para redu\u00e7\u00e3o de 0,50pp, mas a comunica\u00e7\u00e3o do BC parece ter indicado uma prefer\u00eancia por um corte de 0,25pp &#8211; que \u00e9 o que BC deve fazer<\/li>\n\n\n\n<li>\u201cUm corte de 0,25pp pode at\u00e9 fazer sentido t\u00e1tico, para que o Copom ganhe tempo\u201d<\/li>\n<\/ul>\n\n\n\n<p>Caio Megale, economista-chefe da XP, e equipe<\/p>\n\n\n\n<ul class=\"wp-block-list\">\n<li>BC deve cortar 0,25pp e decis\u00e3o pode ter dissenso<\/li>\n\n\n\n<li>C\u00e2mbio est\u00e1 mais depreciado, <a href=\"https:\/\/investnews.com.br\/guias\/commodities-o-que-sao\/\">commodities<\/a> subiram e mercado de trabalho est\u00e1 mais forte que o esperado<\/li>\n<\/ul>\n\n\n\n<p>Tatiana Pinheiro, economista da Galapagos Capital<\/p>\n\n\n\n<ul class=\"wp-block-list\">\n<li>Mensagens de cautela com rela\u00e7\u00e3o \u00e0 economia internacional e local ser\u00e3o mantidas mesmo ap\u00f3s os \u00faltimos dados nos EUA<\/li>\n<\/ul>\n\n\n\n<p>Rafaela Vit\u00f3ria, economista-chefe do Inter<\/p>\n\n\n\n<ul class=\"wp-block-list\">\n<li>BC deve manter do corte de 0,50pp, mas remover guidance<\/li>\n\n\n\n<li>Apesar da volatilidade maior, principalmente nos dados externos, os fundamentos da infla\u00e7\u00e3o no Brasil continuam melhores, mostrando desacelera\u00e7\u00e3o dos n\u00facleos e servi\u00e7os subjacentes<\/li>\n<\/ul>\n\n\n\n<ul class=\"wp-block-list\">\n<li><strong><em>Confira: o que \u00e9 <\/em><\/strong><a href=\"https:\/\/investnews.com.br\/guias\/o-que-e-cdi\/\">CDI<\/a><strong><em>, quanto paga e mais<\/em><\/strong><\/li>\n\n\n\n<li><strong><em>Veja tamb\u00e9m : O que \u00e9 <\/em><\/strong><a href=\"https:\/\/investnews.com.br\/guias\/taxa-selic\/\" target=\"_blank\" rel=\"noreferrer noopener\">taxa selic<\/a><strong><em>?<\/em><\/strong><\/li>\n<\/ul>\n\n\n\n<p><\/p>\n","protected":false},"excerpt":{"rendered":"<p>Entre 28 analistas pesquisados pela Bloomberg, 19 esperam redu\u00e7\u00e3o de juro de apenas 0,25 pontos percentuais, para 10,50%<\/p>\n","protected":false},"author":76,"featured_media":577452,"comment_status":"closed","ping_status":"closed","sticky":false,"template":"","format":"standard","meta":{"_acf_changed":false,"inline_featured_image":false,"footnotes":""},"categories":[5],"tags":[56,639,51],"autor-wsj":[],"coauthors":[101325],"class_list":["post-577451","post","type-post","status-publish","format-standard","has-post-thumbnail","hentry","category-economia","tag-banco-central","tag-copom","tag-selic"],"acf":[],"amp_enabled":true,"_links":{"self":[{"href":"https:\/\/investnews.com.br\/inv-api\/wp\/v2\/posts\/577451","targetHints":{"allow":["GET"]}}],"collection":[{"href":"https:\/\/investnews.com.br\/inv-api\/wp\/v2\/posts"}],"about":[{"href":"https:\/\/investnews.com.br\/inv-api\/wp\/v2\/types\/post"}],"author":[{"embeddable":true,"href":"https:\/\/investnews.com.br\/inv-api\/wp\/v2\/users\/76"}],"replies":[{"embeddable":true,"href":"https:\/\/investnews.com.br\/inv-api\/wp\/v2\/comments?post=577451"}],"version-history":[{"count":6,"href":"https:\/\/investnews.com.br\/inv-api\/wp\/v2\/posts\/577451\/revisions"}],"predecessor-version":[{"id":596196,"href":"https:\/\/investnews.com.br\/inv-api\/wp\/v2\/posts\/577451\/revisions\/596196"}],"wp:featuredmedia":[{"embeddable":true,"href":"https:\/\/investnews.com.br\/inv-api\/wp\/v2\/media\/577452"}],"wp:attachment":[{"href":"https:\/\/investnews.com.br\/inv-api\/wp\/v2\/media?parent=577451"}],"wp:term":[{"taxonomy":"category","embeddable":true,"href":"https:\/\/investnews.com.br\/inv-api\/wp\/v2\/categories?post=577451"},{"taxonomy":"post_tag","embeddable":true,"href":"https:\/\/investnews.com.br\/inv-api\/wp\/v2\/tags?post=577451"},{"taxonomy":"autor-wsj","embeddable":true,"href":"https:\/\/investnews.com.br\/inv-api\/wp\/v2\/autor-wsj?post=577451"},{"taxonomy":"author","embeddable":true,"href":"https:\/\/investnews.com.br\/inv-api\/wp\/v2\/coauthors?post=577451"}],"curies":[{"name":"wp","href":"https:\/\/api.w.org\/{rel}","templated":true}]}}