{"id":5775,"date":"2020-03-11T16:00:36","date_gmt":"2020-03-11T19:00:36","guid":{"rendered":"https:\/\/investnews.com.br\/?p=5775"},"modified":"2025-09-24T14:31:59","modified_gmt":"2025-09-24T17:31:59","slug":"governo-precisa-andar-com-as-reformas-diz-samy-dana","status":"publish","type":"post","link":"https:\/\/investnews.com.br\/opiniao\/governo-precisa-andar-com-as-reformas-diz-samy-dana\/","title":{"rendered":"&#8216;Governo precisa andar com as reformas&#8217;, diz Samy Dana"},"content":{"rendered":"\n<figure class=\"wp-block-embed-youtube wp-block-embed is-type-video is-provider-youtube wp-embed-aspect-16-9 wp-has-aspect-ratio\"><div class=\"wp-block-embed__wrapper\">\n<iframe loading=\"lazy\" title=\"#PITACODOSAMY: Montanha-russa da bolsa, que teve a maior alta em 11 anos; IPO da Caixa; e ind\u00fastria\" width=\"500\" height=\"281\" src=\"https:\/\/www.youtube.com\/embed\/iqfZEHY6Z0o?feature=oembed\" frameborder=\"0\" allow=\"accelerometer; autoplay; clipboard-write; encrypted-media; gyroscope; picture-in-picture; web-share\" referrerpolicy=\"strict-origin-when-cross-origin\" allowfullscreen><\/iframe>\n<\/div><\/figure>\n\n\n\n<p> No Pitaco do Samy de hoje, ele comenta em 1 minuto: A montanha-russa da <a href=\"https:\/\/investnews.com.br\/tag\/bolsa-de-valores\/\" class=\"rank-math-link\">bolsa<\/a>, que depois da maior baixa em 22 anos na segunda, teve a maior alta em 11 anos na ter\u00e7a; a poss\u00edvel suspens\u00e3o do <a href=\"https:\/\/investnews.com.br\/guias\/ipo-o-que-e-e-como-funciona\/\">IPO<\/a> da <a href=\"https:\/\/investnews.com.br\/tag\/caixa-economica-federal\/\" class=\"rank-math-link\">Caixa<\/a>; e o que o resultado da <a href=\"https:\/\/investnews.com.br\/tag\/industria\/\" class=\"rank-math-link\">ind\u00fastria<\/a> diz sobre a economia. <\/p>\n","protected":false},"excerpt":{"rendered":"<p>Com um minuto para comentar cada not\u00edcia, Samy Dana treina para virar ministro da economia.<\/p>\n","protected":false},"author":17,"featured_media":1457,"comment_status":"closed","ping_status":"open","sticky":false,"template":"","format":"video","meta":{"_acf_changed":false,"inline_featured_image":false,"footnotes":""},"categories":[102721],"tags":[226,58,462],"autor-wsj":[],"coauthors":[1498],"class_list":["post-5775","post","type-post","status-publish","format-video","has-post-thumbnail","hentry","category-opiniao","tag-bolsa-de-valores","tag-caixa-economica-federal","tag-industria","post_format-post-format-video"],"acf":[],"amp_enabled":true,"_links":{"self":[{"href":"https:\/\/investnews.com.br\/inv-api\/wp\/v2\/posts\/5775","targetHints":{"allow":["GET"]}}],"collection":[{"href":"https:\/\/investnews.com.br\/inv-api\/wp\/v2\/posts"}],"about":[{"href":"https:\/\/investnews.com.br\/inv-api\/wp\/v2\/types\/post"}],"author":[{"embeddable":true,"href":"https:\/\/investnews.com.br\/inv-api\/wp\/v2\/users\/17"}],"replies":[{"embeddable":true,"href":"https:\/\/investnews.com.br\/inv-api\/wp\/v2\/comments?post=5775"}],"version-history":[{"count":4,"href":"https:\/\/investnews.com.br\/inv-api\/wp\/v2\/posts\/5775\/revisions"}],"predecessor-version":[{"id":719767,"href":"https:\/\/investnews.com.br\/inv-api\/wp\/v2\/posts\/5775\/revisions\/719767"}],"wp:featuredmedia":[{"embeddable":true,"href":"https:\/\/investnews.com.br\/inv-api\/wp\/v2\/media\/1457"}],"wp:attachment":[{"href":"https:\/\/investnews.com.br\/inv-api\/wp\/v2\/media?parent=5775"}],"wp:term":[{"taxonomy":"category","embeddable":true,"href":"https:\/\/investnews.com.br\/inv-api\/wp\/v2\/categories?post=5775"},{"taxonomy":"post_tag","embeddable":true,"href":"https:\/\/investnews.com.br\/inv-api\/wp\/v2\/tags?post=5775"},{"taxonomy":"autor-wsj","embeddable":true,"href":"https:\/\/investnews.com.br\/inv-api\/wp\/v2\/autor-wsj?post=5775"},{"taxonomy":"author","embeddable":true,"href":"https:\/\/investnews.com.br\/inv-api\/wp\/v2\/coauthors?post=5775"}],"curies":[{"name":"wp","href":"https:\/\/api.w.org\/{rel}","templated":true}]}}