{"id":577714,"date":"2024-05-08T16:17:55","date_gmt":"2024-05-08T19:17:55","guid":{"rendered":"https:\/\/investnews.com.br\/?p=577714"},"modified":"2025-09-01T08:51:05","modified_gmt":"2025-09-01T11:51:05","slug":"governo-avaliara-impacto-das-chuvas-no-rs-sobre-balanca-comercial-diz-mdic","status":"publish","type":"post","link":"https:\/\/investnews.com.br\/economia\/governo-avaliara-impacto-das-chuvas-no-rs-sobre-balanca-comercial-diz-mdic\/","title":{"rendered":"Governo avaliar\u00e1 impacto das chuvas no RS sobre balan\u00e7a comercial, diz MDIC"},"content":{"rendered":"<p>Os dados da balan\u00e7a comercial de abril ainda n\u00e3o foram impactados pelas chuvas que levaram destrui\u00e7\u00e3o ao<strong> Rio Grande do Sul<\/strong> nos \u00faltimos dias, e o governo avaliar\u00e1 seus efeitos com a capta\u00e7\u00e3o de dados a partir de maio, disse o diretor de Estat\u00edsticas e Estudos de Com\u00e9rcio Exterior do Minist\u00e9rio do Desenvolvimento, Ind\u00fastria, Com\u00e9rcio e Servi\u00e7os (MDIC), Herlon Brand\u00e3o.<\/p>\n<p>Ele ressaltou nesta quarta-feira (8) que o Estado tem papel relevante no com\u00e9rcio exterior do pa\u00eds, sendo o sexto maior exportador entre os entes, com embarques que corresponderam a 6,6% de todo o valor exportado pelo Brasil em 2023.<\/p>\n<p>O produto mais exportado pelo Rio Grande do Sul, segundo a pasta, \u00e9 a soja, que responde por 18% das vendas ao exterior do Estado. Nesse caso, Brand\u00e3o disse que o impacto das chuvas ainda precisar\u00e1 ser avaliado porque a maior parte da safra de soja j\u00e1 foi colhida.<\/p>\n<p>Ele destacou que ainda \u00e9 preciso medir o efeito da destrui\u00e7\u00e3o da infraestrutura log\u00edstica sobre o escoamento de produtos do Estado.<\/p>\n<p>(Por Bernardo Caram)<\/p>\n","protected":false},"excerpt":{"rendered":"<p>O produto mais exportado pelo Rio Grande do Sul, segundo a pasta, \u00e9 a soja, que responde por 18% das vendas ao exterior <\/p>\n","protected":false},"author":61,"featured_media":576967,"comment_status":"closed","ping_status":"closed","sticky":false,"template":"","format":"standard","meta":{"_acf_changed":false,"inline_featured_image":false,"footnotes":""},"categories":[5],"tags":[110445,102288],"autor-wsj":[],"coauthors":[2494],"class_list":["post-577714","post","type-post","status-publish","format-standard","has-post-thumbnail","hentry","category-economia","tag-balanca-comercial","tag-reuters"],"acf":[],"amp_enabled":true,"_links":{"self":[{"href":"https:\/\/investnews.com.br\/inv-api\/wp\/v2\/posts\/577714","targetHints":{"allow":["GET"]}}],"collection":[{"href":"https:\/\/investnews.com.br\/inv-api\/wp\/v2\/posts"}],"about":[{"href":"https:\/\/investnews.com.br\/inv-api\/wp\/v2\/types\/post"}],"author":[{"embeddable":true,"href":"https:\/\/investnews.com.br\/inv-api\/wp\/v2\/users\/61"}],"replies":[{"embeddable":true,"href":"https:\/\/investnews.com.br\/inv-api\/wp\/v2\/comments?post=577714"}],"version-history":[{"count":2,"href":"https:\/\/investnews.com.br\/inv-api\/wp\/v2\/posts\/577714\/revisions"}],"predecessor-version":[{"id":577719,"href":"https:\/\/investnews.com.br\/inv-api\/wp\/v2\/posts\/577714\/revisions\/577719"}],"wp:featuredmedia":[{"embeddable":true,"href":"https:\/\/investnews.com.br\/inv-api\/wp\/v2\/media\/576967"}],"wp:attachment":[{"href":"https:\/\/investnews.com.br\/inv-api\/wp\/v2\/media?parent=577714"}],"wp:term":[{"taxonomy":"category","embeddable":true,"href":"https:\/\/investnews.com.br\/inv-api\/wp\/v2\/categories?post=577714"},{"taxonomy":"post_tag","embeddable":true,"href":"https:\/\/investnews.com.br\/inv-api\/wp\/v2\/tags?post=577714"},{"taxonomy":"autor-wsj","embeddable":true,"href":"https:\/\/investnews.com.br\/inv-api\/wp\/v2\/autor-wsj?post=577714"},{"taxonomy":"author","embeddable":true,"href":"https:\/\/investnews.com.br\/inv-api\/wp\/v2\/coauthors?post=577714"}],"curies":[{"name":"wp","href":"https:\/\/api.w.org\/{rel}","templated":true}]}}