{"id":578544,"date":"2024-05-14T09:45:40","date_gmt":"2024-05-14T12:45:40","guid":{"rendered":"https:\/\/investnews.com.br\/?p=578544"},"modified":"2024-05-14T09:53:19","modified_gmt":"2024-05-14T12:53:19","slug":"haddad-anuncia-acordo-para-suspender-divida-do-rs-por-3-anos-e-zerar-juros","status":"publish","type":"post","link":"https:\/\/investnews.com.br\/economia\/haddad-anuncia-acordo-para-suspender-divida-do-rs-por-3-anos-e-zerar-juros\/","title":{"rendered":"Haddad anuncia acordo para suspender d\u00edvida do RS por 3 anos e zerar  juros"},"content":{"rendered":"<p>O ministro da Fazenda, Fernando Haddad, anunciou uma suspens\u00e3o por tr\u00eas anos dos pagamentos das parcelas da d\u00edvida do Rio Grande do Sul com a Uni\u00e3o, medida que alivia o caixa do Estado em meio ao desastre ambiental e social ap\u00f3s as<a href=\"https:\/\/investnews.com.br\/geral\/o-que-explica-o-volume-de-chuvas-no-rio-grande-do-sul\/\"> fortes chuvas<\/a> das \u00faltimas semanas.<\/p>\n<p>As parcelas que deixar\u00e3o de ser pagas totalizam cerca de R$ 11 bilh\u00f5es. A iniciativa ainda prev\u00ea que os juros da d\u00edvida do estado ser\u00e3o zerados sobre todo o estoque tamb\u00e9m pelo mesmo per\u00edodo, o que representa um perd\u00e3o de R$ 12 bilh\u00f5es nessa frente.<\/p>\n<p>De acordo com Haddad, que participou do an\u00fancio ao lado do presidente Luiz In\u00e1cio Lula da Silva, a verba economizada com a suspens\u00e3o dos pagamentos ser\u00e1 destinada a um fundo cont\u00e1bil voltado \u00e0 execu\u00e7\u00e3o de projetos relacionados \u00e0<a href=\"https:\/\/investnews.com.br\/economia\/inundacoes-no-rio-grande-do-sul-causam-bilhoes-em-devastacao-economica\/\"> reconstru\u00e7\u00e3o<\/a> do estado.<\/p>\n<p>&#8220;Vamos, ponto a ponto, superando obst\u00e1culos burocr\u00e1ticos ou de natureza financeira para darmos ao Rio Grande do Sul a certeza de que haver\u00e1 pronto atendimento dos desafios colocados diante dessa trag\u00e9dia&#8221;, afirmou.<\/p>\n<p>Segundo ele, a efetiva\u00e7\u00e3o da medida depender\u00e1 da aprova\u00e7\u00e3o de um projeto de lei complementar que ser\u00e1 enviado pelo governo ao Congresso Nacional.<\/p>\n<p>O presidente da C\u00e2mara, Arthur Lira (PP-AL), que tamb\u00e9m participou da reuni\u00e3o, adiantou que a Casa dar\u00e1 celeridade \u00e0 tramita\u00e7\u00e3o da proposta, com vota\u00e7\u00e3o prevista j\u00e1 nesta semana.<\/p>\n<p>&#8220;A C\u00e2mara dos Deputados vai analisar ainda esta semana e no menor prazo poss\u00edvel o Projeto de Lei Complementar do governo federal que suspende o pagamento da d\u00edvida do Rio Grande do Sul com a Uni\u00e3o&#8221;, publicou Lira no Instagram.<\/p>\n<p>Depois de passar pela C\u00e2mara, o projeto tamb\u00e9m precisar\u00e1 ser analisado pelo Senado. O presidente da Casa, senador Rodrigo Pacheco (PSD-MG), tamb\u00e9m esteve na reuni\u00e3o com Lula, Haddad, ministros e o governador do Rio Grande do Sul, Eduardo Leite (PSDB).<\/p>\n<p>Em entrevista ap\u00f3s a reuni\u00e3o, Haddad enfatizou que o valor que deixar\u00e1 de ser pago com os juros zerados \u00e9 maior do que o montante equivalente \u00e0s parcelas suspensas.<\/p>\n<p>&#8220;\u00c9 como se fosse (um perd\u00e3o) porque, na verdade, os juros que est\u00e3o sendo gerados sobre o estoque s\u00e3o maiores do que o que ele vai deixar de pagar nesses 36 meses&#8221;, disse.<\/p>\n<p>O Rio Grande do Sul tem um gasto anualizado de cerca de R$ 3,5 bilh\u00f5es em pagamentos da d\u00edvida junto \u00e0 Uni\u00e3o, cujo estoque \u00e9 da ordem de R$ 90 bilh\u00f5es.<\/p>\n<p>A estimativa inicial de recursos necess\u00e1rios para reconstruir o estado est\u00e1 em pelo menos R$ 19 bilh\u00f5es.<\/p>\n<h3>Conselho Monet\u00e1rio flexibiliza regras de institui\u00e7\u00f5es financeiras<\/h3>\n<p>O Conselho Monet\u00e1rio Nacional, em reuni\u00e3o extraordin\u00e1ria na segunda-feira (13), aprovou medidas para dar ao sistema financeiro melhores condi\u00e7\u00f5es de atuar para <a href=\"https:\/\/investnews.com.br\/negocios\/chuvas-no-rs-o-pesadelo-logistico\/\">amenizar efeitos<\/a> econ\u00f4micos da calamidade p\u00fablica gerada pelas fortes chuvas, segundo o Banco Central.<\/p>\n<p>Entre as iniciativas, os bancos n\u00e3o precisar\u00e3o caracterizar como ativos problem\u00e1ticos as renegocia\u00e7\u00f5es de financiamentos relacionadas aos eventos clim\u00e1ticos no Rio Grande do Sul. As opera\u00e7\u00f5es renegociadas de maio a dezembro deste ano por conta do desastre poder\u00e3o manter a classifica\u00e7\u00e3o de risco observada em mar\u00e7o, antes das chuvas.<\/p>\n<p>\u201cSem a mudan\u00e7a, as institui\u00e7\u00f5es financeiras que tivessem que renegociar as d\u00edvidas de pessoas e empresas afetadas pelas inunda\u00e7\u00f5es enfrentariam uma eleva\u00e7\u00e3o do provisionamento e da exig\u00eancia de capital\u201d, disse o BC em nota.<\/p>\n<p>Outra medida vai isentar do cumprimento do compuls\u00f3rio sobre dep\u00f3sitos de <a href=\"https:\/\/investnews.com.br\/guias\/poupanca-como-funciona-quanto-rende\/\">poupan\u00e7a<\/a>, pelo per\u00edodo de um ano, as institui\u00e7\u00f5es financeiras que tiverem mais de 10% de sua carteira de cr\u00e9dito concedida para pessoas f\u00edsicas residentes ou pessoas jur\u00eddicas estabelecidas nos munic\u00edpios nos quais foi decretado estado de calamidade p\u00fablica.<\/p>\n<p>De acordo com a autarquia, o montante estimado de libera\u00e7\u00e3o de compuls\u00f3rio \u00e9 de R$ 8,3 bilh\u00f5es, com efeito previsto para ocorrer no dia 27 de maio.<\/p>\n<p>\u201cTrata-se de oferta de liquidez visando \u00e0 manuten\u00e7\u00e3o do normal funcionamento da intermedia\u00e7\u00e3o financeira\u201d, afirmou.<\/p>\n<p>Em outra frente, foi decidido que as vistorias t\u00e9cnicas necess\u00e1rias para o pagamento das indeniza\u00e7\u00f5es do Proagro poder\u00e3o ser feitas \u201ccom o uso de sensoriamento remoto e por meio de dados param\u00e9tricos da produtividade dos munic\u00edpios\u201d, agilizando pagamentos aos produtores afetados.<\/p>\n<p>\u201cO Banco Central monitorar\u00e1 continuamente o funcionamento da intermedia\u00e7\u00e3o financeira na regi\u00e3o, avaliando potenciais medidas adicionais, a fim de manter o funcionamento eficiente e a solidez do sistema financeiro\u201d, disse a autoridade monet\u00e1ria.<\/p>\n","protected":false},"excerpt":{"rendered":"<p>J\u00e1 o Conselho Monet\u00e1rio vai flexibilizar regras de institui\u00e7\u00f5es financeiras para ampliar apoio ao estado<\/p>\n","protected":false},"author":61,"featured_media":577437,"comment_status":"closed","ping_status":"closed","sticky":false,"template":"","format":"standard","meta":{"_acf_changed":false,"inline_featured_image":false,"footnotes":""},"categories":[5],"tags":[101620,102288],"autor-wsj":[],"coauthors":[2494],"class_list":["post-578544","post","type-post","status-publish","format-standard","has-post-thumbnail","hentry","category-economia","tag-fernando-haddad","tag-reuters"],"acf":[],"amp_enabled":true,"_links":{"self":[{"href":"https:\/\/investnews.com.br\/inv-api\/wp\/v2\/posts\/578544","targetHints":{"allow":["GET"]}}],"collection":[{"href":"https:\/\/investnews.com.br\/inv-api\/wp\/v2\/posts"}],"about":[{"href":"https:\/\/investnews.com.br\/inv-api\/wp\/v2\/types\/post"}],"author":[{"embeddable":true,"href":"https:\/\/investnews.com.br\/inv-api\/wp\/v2\/users\/61"}],"replies":[{"embeddable":true,"href":"https:\/\/investnews.com.br\/inv-api\/wp\/v2\/comments?post=578544"}],"version-history":[{"count":9,"href":"https:\/\/investnews.com.br\/inv-api\/wp\/v2\/posts\/578544\/revisions"}],"predecessor-version":[{"id":578621,"href":"https:\/\/investnews.com.br\/inv-api\/wp\/v2\/posts\/578544\/revisions\/578621"}],"wp:featuredmedia":[{"embeddable":true,"href":"https:\/\/investnews.com.br\/inv-api\/wp\/v2\/media\/577437"}],"wp:attachment":[{"href":"https:\/\/investnews.com.br\/inv-api\/wp\/v2\/media?parent=578544"}],"wp:term":[{"taxonomy":"category","embeddable":true,"href":"https:\/\/investnews.com.br\/inv-api\/wp\/v2\/categories?post=578544"},{"taxonomy":"post_tag","embeddable":true,"href":"https:\/\/investnews.com.br\/inv-api\/wp\/v2\/tags?post=578544"},{"taxonomy":"autor-wsj","embeddable":true,"href":"https:\/\/investnews.com.br\/inv-api\/wp\/v2\/autor-wsj?post=578544"},{"taxonomy":"author","embeddable":true,"href":"https:\/\/investnews.com.br\/inv-api\/wp\/v2\/coauthors?post=578544"}],"curies":[{"name":"wp","href":"https:\/\/api.w.org\/{rel}","templated":true}]}}