{"id":579636,"date":"2024-05-16T10:59:35","date_gmt":"2024-05-16T13:59:35","guid":{"rendered":"https:\/\/investnews.com.br\/?p=579636"},"modified":"2024-06-28T16:17:43","modified_gmt":"2024-06-28T19:17:43","slug":"espaco-para-novo-corte-na-selic-e-discutivel-diz-solange-srour","status":"publish","type":"post","link":"https:\/\/investnews.com.br\/economia\/espaco-para-novo-corte-na-selic-e-discutivel-diz-solange-srour\/","title":{"rendered":"Espa\u00e7o para novo corte na Selic \u00e9 discut\u00edvel, diz Solange Srour"},"content":{"rendered":"\n<p>Houve muito ru\u00eddo em torno da \u00faltima decis\u00e3o do <a href=\"https:\/\/investnews.com.br\/guias\/copom-taxa-selic\/\">Copom<\/a>. Mas uma coisa ficou bem clara na comunica\u00e7\u00e3o: seu objetivo \u00e9 ancorar as expectativas de infla\u00e7\u00e3o. Para Solange Srour, diretora de macroeconomia para o Brasil no UBS Global Wealth Management, isso significa que o espa\u00e7o para novos cortes na Selic ficou bem menor.<\/p>\n\n\n\n<p>&nbsp;&#8220;N\u00e3o vejo as expectativas [proje\u00e7\u00e3o de infla\u00e7\u00e3o] sendo ancoradas t\u00e3o cedo, especialmente as de prazo mais longo&#8221;, diz Solange. &#8220;Se as expectativas continuarem piorando, o espa\u00e7o para um novo corte ser\u00e1 nulo.&#8221;<\/p>\n\n\n\n<p>O compromisso de ancorar as expectativas e levar a infla\u00e7\u00e3o para a meta foi reiterado ontem pelo diretor de Pol\u00edtica Monet\u00e1ria do BC, Gabriel Gal\u00edpolo, candidato a suceder Roberto Campos Neto na cadeira de presidente da autarquia. Ainda assim, Solange considera o desafio grande. Em parte, porque o mercado ainda tem d\u00favidas sobre como o Banco Central vai agir no futuro, quando houver a troca do presidente da autarquia. &#8220;N\u00e3o d\u00e1 para dizer que a credibilidade do BC saiu ilesa&#8221;, afirma.<\/p>\n\n\n\n<p>Mas a dificuldade vem tamb\u00e9m da pol\u00edtica fiscal do governo, considerada expansionista e, portanto, inflacion\u00e1ria. E muito do cen\u00e1rio externo, uma vez que n\u00e3o se sabe qual \u00e9 o espa\u00e7o para o Federal Reserve cortar os juros. &#8220;N\u00e3o vejo a infla\u00e7\u00e3o global caindo tanto daqui para frente&#8221;, afirma.<\/p>\n\n\n\n<p>Diante dessas d\u00favidas, a economista acredita&nbsp; que o mercado vai chegar \u00e0 pr\u00f3xima reuni\u00e3o do Copom, no dia 19 de junho, muito dividido sobre qual ser\u00e1 o pr\u00f3ximo passo da pol\u00edtica monet\u00e1ria. &#8220;A menos que a gente tenha uma mudan\u00e7a muito grande de cen\u00e1rio at\u00e9 l\u00e1, o que \u00e9 improv\u00e1vel, o espa\u00e7o para um novo corte ser\u00e1 discut\u00edvel&#8221;, diz.<\/p>\n\n\n\n<p>Esse clima \u00e9 muito prop\u00edcio para <a href=\"https:\/\/investnews.com.br\/guias\/volatilidade-o-que-e\/\">volatilidade<\/a> dos ativos e aumento do chamado pr\u00eamio de risco \u2013 o juro adicional que o investidor exige ao comprar t\u00edtulos p\u00fablicos de longo prazo ou reais.&nbsp;Mas uma parte dessa instabilidade pode ter a ver tamb\u00e9m com as dores da adapta\u00e7\u00e3o ao funcionamento da autonomia do Banco Central \u2013 formalmente implementada em 2023.<\/p>\n\n\n\n<p>&#8220;O&nbsp; mercado ouviu o Campos Neto falar em Washington que a indica\u00e7\u00e3o de que haveria um novo corte de 0,5 ponto em maio n\u00e3o valia mais. E entendeu isso como uma mensagem do Copom&#8221;, lembra. &#8220;Mas com o BC aut\u00f4nomo, cada membro do Copom fala por si.&#8221;&nbsp;<\/p>\n\n\n\n<p>A falta de explica\u00e7\u00f5es mais profundas sobre o voto de cada diretor dissidente \u00e9 outro aspecto que precisa ser melhor ajustado \u00e0 nova realidade. &#8220;Essa informa\u00e7\u00e3o precisaria vir j\u00e1 no comunicado da decis\u00e3o, para evitar ru\u00eddos&#8221;, defende.<\/p>\n\n\n\n<p>Por fim, Solange ressalta que o excesso de declara\u00e7\u00f5es do governo atrapalha. &#8220;Muita gente do governo fala sobre o Banco Central, quer comentar a ata. Se o BC \u00e9 uma institui\u00e7\u00e3o independente, acho que n\u00e3o deve haver tantos coment\u00e1rios sobre se gostaram ou n\u00e3o gostaram da ata, se a decis\u00e3o foi boa ou n\u00e3o&#8221;.<\/p>\n\n\n\n<ul class=\"wp-block-list\">\n<li><strong><em>Confira: o que \u00e9 <\/em><\/strong><a href=\"https:\/\/investnews.com.br\/guias\/o-que-e-cdi\/\">CDI<\/a><strong><em>, quanto paga e mais<\/em><\/strong><\/li>\n\n\n\n<li><strong><em>Confira: o que \u00e9 <\/em><\/strong><a href=\"https:\/\/investnews.com.br\/guias\/taxa-selic\/\" target=\"_blank\" rel=\"noreferrer noopener\">taxa selic<\/a><strong><em> e como ela impacta a economia<\/em><\/strong><\/li>\n<\/ul>\n","protected":false},"excerpt":{"rendered":"<p>Para diretora de macroeconomia do UBS Global WM, BC ter\u00e1 dificuldade de fazer expectativa de infla\u00e7\u00e3o convergir para a meta<\/p>\n","protected":false},"author":112,"featured_media":579645,"comment_status":"closed","ping_status":"closed","sticky":false,"template":"","format":"standard","meta":{"_acf_changed":false,"inline_featured_image":false,"footnotes":""},"categories":[5],"tags":[639,51],"autor-wsj":[],"coauthors":[102473],"class_list":["post-579636","post","type-post","status-publish","format-standard","has-post-thumbnail","hentry","category-economia","tag-copom","tag-selic"],"acf":[],"amp_enabled":true,"_links":{"self":[{"href":"https:\/\/investnews.com.br\/inv-api\/wp\/v2\/posts\/579636","targetHints":{"allow":["GET"]}}],"collection":[{"href":"https:\/\/investnews.com.br\/inv-api\/wp\/v2\/posts"}],"about":[{"href":"https:\/\/investnews.com.br\/inv-api\/wp\/v2\/types\/post"}],"author":[{"embeddable":true,"href":"https:\/\/investnews.com.br\/inv-api\/wp\/v2\/users\/112"}],"replies":[{"embeddable":true,"href":"https:\/\/investnews.com.br\/inv-api\/wp\/v2\/comments?post=579636"}],"version-history":[{"count":13,"href":"https:\/\/investnews.com.br\/inv-api\/wp\/v2\/posts\/579636\/revisions"}],"predecessor-version":[{"id":596181,"href":"https:\/\/investnews.com.br\/inv-api\/wp\/v2\/posts\/579636\/revisions\/596181"}],"wp:featuredmedia":[{"embeddable":true,"href":"https:\/\/investnews.com.br\/inv-api\/wp\/v2\/media\/579645"}],"wp:attachment":[{"href":"https:\/\/investnews.com.br\/inv-api\/wp\/v2\/media?parent=579636"}],"wp:term":[{"taxonomy":"category","embeddable":true,"href":"https:\/\/investnews.com.br\/inv-api\/wp\/v2\/categories?post=579636"},{"taxonomy":"post_tag","embeddable":true,"href":"https:\/\/investnews.com.br\/inv-api\/wp\/v2\/tags?post=579636"},{"taxonomy":"autor-wsj","embeddable":true,"href":"https:\/\/investnews.com.br\/inv-api\/wp\/v2\/autor-wsj?post=579636"},{"taxonomy":"author","embeddable":true,"href":"https:\/\/investnews.com.br\/inv-api\/wp\/v2\/coauthors?post=579636"}],"curies":[{"name":"wp","href":"https:\/\/api.w.org\/{rel}","templated":true}]}}