{"id":580995,"date":"2024-05-21T08:54:40","date_gmt":"2024-05-21T11:54:40","guid":{"rendered":"https:\/\/investnews.com.br\/?p=580995"},"modified":"2025-09-24T16:31:22","modified_gmt":"2025-09-24T19:31:22","slug":"embraer-faz-acordo-com-grupos-sauditas-para-adocao-de-aeronaves-da-empresa","status":"publish","type":"post","link":"https:\/\/investnews.com.br\/negocios\/embraer-faz-acordo-com-grupos-sauditas-para-adocao-de-aeronaves-da-empresa\/","title":{"rendered":"Embraer faz acordo com grupos sauditas para ado\u00e7\u00e3o de aeronaves da empresa"},"content":{"rendered":"<p>A <strong>Embraer<\/strong> (<a href=\"https:\/\/investnews.com.br\/cotacao\/embr3-embraer\/\">EMBR3<\/a>) anunciou nesta ter\u00e7a-feira (21) memorando de entendimento com os grupos sauditas para o desenvolvimento de um &#8220;ecossistema aeroespacial local&#8221;, algo que inclui a ado\u00e7\u00e3o de aeronaves da fabricante brasileira pelo pa\u00eds do <strong>Oriente M\u00e9dio.<\/strong><\/p>\n<p>&#8220;Ainda como parte do acordo, a Embraer e a AHQ concordaram em analisar o enorme potencial da fam\u00edlia (de jatos regionais) E2 para ser a aeronave escolhida para um novo projeto de linha a\u00e9rea na regi\u00e3o&#8221;, afirmou a Embraer em comunicado \u00e0 imprensa.<\/p>\n<p>O acordo tamb\u00e9m tem objetivo de explorar o desenvolvimento de uma potencial coopera\u00e7\u00e3o tecnol\u00f3gica, da cadeia de suprimentos e de capital humano entre as organiza\u00e7\u00f5es, &#8220;avaliar as capacidades industriais e novas oportunidades de neg\u00f3cios&#8221;, afirmou a Embraer.<\/p>\n<p>O acordo foi assinado pela Embraer com Centro Nacional de Desenvolvimento Industrial do Reino da Ar\u00e1bia Saudita (NIDC, na sigla em ingl\u00eas) e com o Grupo AHQ.<\/p>\n<p><strong>LEIA MAIS: <a href=\"https:\/\/investnews.com.br\/negocios\/embraer-chegou-a-hora-do-tripolio-com-boeing-e-airbus\/\">Embraer: chegou a hora de um &#8216;trip\u00f3lio&#8217; com a Boieng e Airbus?<\/a><\/strong><\/p>\n","protected":false},"excerpt":{"rendered":"<p>O acordo tamb\u00e9m visa explorar o desenvolvimento de uma potencial coopera\u00e7\u00e3o tecnol\u00f3gica, da cadeia de suprimentos e de capital humano entre as organiza\u00e7\u00f5es<\/p>\n","protected":false},"author":61,"featured_media":577432,"comment_status":"closed","ping_status":"closed","sticky":false,"template":"","format":"standard","meta":{"_acf_changed":false,"inline_featured_image":false,"footnotes":""},"categories":[6],"tags":[792,177,102288,1155],"autor-wsj":[],"coauthors":[2494],"class_list":["post-580995","post","type-post","status-publish","format-standard","has-post-thumbnail","hentry","category-negocios","tag-aviacao","tag-embraer","tag-reuters","tag-setor-aereo"],"acf":[],"amp_enabled":true,"_links":{"self":[{"href":"https:\/\/investnews.com.br\/inv-api\/wp\/v2\/posts\/580995","targetHints":{"allow":["GET"]}}],"collection":[{"href":"https:\/\/investnews.com.br\/inv-api\/wp\/v2\/posts"}],"about":[{"href":"https:\/\/investnews.com.br\/inv-api\/wp\/v2\/types\/post"}],"author":[{"embeddable":true,"href":"https:\/\/investnews.com.br\/inv-api\/wp\/v2\/users\/61"}],"replies":[{"embeddable":true,"href":"https:\/\/investnews.com.br\/inv-api\/wp\/v2\/comments?post=580995"}],"version-history":[{"count":6,"href":"https:\/\/investnews.com.br\/inv-api\/wp\/v2\/posts\/580995\/revisions"}],"predecessor-version":[{"id":719876,"href":"https:\/\/investnews.com.br\/inv-api\/wp\/v2\/posts\/580995\/revisions\/719876"}],"wp:featuredmedia":[{"embeddable":true,"href":"https:\/\/investnews.com.br\/inv-api\/wp\/v2\/media\/577432"}],"wp:attachment":[{"href":"https:\/\/investnews.com.br\/inv-api\/wp\/v2\/media?parent=580995"}],"wp:term":[{"taxonomy":"category","embeddable":true,"href":"https:\/\/investnews.com.br\/inv-api\/wp\/v2\/categories?post=580995"},{"taxonomy":"post_tag","embeddable":true,"href":"https:\/\/investnews.com.br\/inv-api\/wp\/v2\/tags?post=580995"},{"taxonomy":"autor-wsj","embeddable":true,"href":"https:\/\/investnews.com.br\/inv-api\/wp\/v2\/autor-wsj?post=580995"},{"taxonomy":"author","embeddable":true,"href":"https:\/\/investnews.com.br\/inv-api\/wp\/v2\/coauthors?post=580995"}],"curies":[{"name":"wp","href":"https:\/\/api.w.org\/{rel}","templated":true}]}}