{"id":581216,"date":"2024-05-22T10:56:50","date_gmt":"2024-05-22T13:56:50","guid":{"rendered":"https:\/\/investnews.com.br\/?p=581216"},"modified":"2024-05-22T13:57:54","modified_gmt":"2024-05-22T16:57:54","slug":"cielo-anuncia-mudancas-em-diretoria","status":"publish","type":"post","link":"https:\/\/investnews.com.br\/negocios\/cielo-anuncia-mudancas-em-diretoria\/","title":{"rendered":"Cielo anuncia mudan\u00e7as em diretoria"},"content":{"rendered":"<p>A <strong>Cielo (<a href=\"https:\/\/investnews.com.br\/cotacao\/ciel3-cielo-instituicao-de-pagamento\/\">CIEL3<\/a>)<\/strong> comunicou nesta quarta-feira (22) que o seu conselho de administra\u00e7\u00e3o aprovou a segrega\u00e7\u00e3o da vice-presid\u00eancia de Varejo e Opera\u00e7\u00f5es em duas para acelerar iniciativas da companhia voltadas para melhorar suas opera\u00e7\u00f5es e a experi\u00eancia dos clientes.<\/p>\n<p>A vice-presid\u00eancia Opera\u00e7\u00f5es ser\u00e1 respons\u00e1vel por opera\u00e7\u00f5es e atendimento, tendo a frente Eduardo Lemos, tamb\u00e9m eleito pelo conselho em reuni\u00e3o na v\u00e9spera. A de Varejo e Empreendedores focar\u00e1 no aprimoramento dos canais de distribui\u00e7\u00e3o da companhia nesses segmentos e ser\u00e1 comandada por Adriana Garbim.<\/p>\n<p><strong>LEIA MAIS: <a href=\"https:\/\/investnews.com.br\/financas\/acionistas-da-cielo-rejeitam-elaboracao-de-novo-laudo-para-opa\/\">Acionistas da Cielo rejeitam elabora\u00e7\u00e3o de novo laudo para OPA<\/a><\/strong><\/p>\n<p>A posse efetiva de ambos ocorrer\u00e1 ap\u00f3s a homologa\u00e7\u00e3o das suas respectivas elei\u00e7\u00f5es pelo Banco Central.<\/p>\n<p>Paulo Naliato, atual vice-presidente de Varejo, apoiar\u00e1 os novos executivos durante um per\u00edodo de transi\u00e7\u00e3o.<\/p>\n<p>(Por Paula Arend Laier)<\/p>\n","protected":false},"excerpt":{"rendered":"<p>A vice-presid\u00eancia de Varejo e Opera\u00e7\u00f5es ser\u00e1 segregada em duas<\/p>\n","protected":false},"author":61,"featured_media":581261,"comment_status":"closed","ping_status":"closed","sticky":false,"template":"","format":"standard","meta":{"_acf_changed":false,"inline_featured_image":false,"footnotes":""},"categories":[6],"tags":[165,102288,376],"autor-wsj":[],"coauthors":[2494],"class_list":["post-581216","post","type-post","status-publish","format-standard","has-post-thumbnail","hentry","category-negocios","tag-cielo","tag-reuters","tag-varejo"],"acf":[],"amp_enabled":true,"_links":{"self":[{"href":"https:\/\/investnews.com.br\/inv-api\/wp\/v2\/posts\/581216","targetHints":{"allow":["GET"]}}],"collection":[{"href":"https:\/\/investnews.com.br\/inv-api\/wp\/v2\/posts"}],"about":[{"href":"https:\/\/investnews.com.br\/inv-api\/wp\/v2\/types\/post"}],"author":[{"embeddable":true,"href":"https:\/\/investnews.com.br\/inv-api\/wp\/v2\/users\/61"}],"replies":[{"embeddable":true,"href":"https:\/\/investnews.com.br\/inv-api\/wp\/v2\/comments?post=581216"}],"version-history":[{"count":5,"href":"https:\/\/investnews.com.br\/inv-api\/wp\/v2\/posts\/581216\/revisions"}],"predecessor-version":[{"id":581340,"href":"https:\/\/investnews.com.br\/inv-api\/wp\/v2\/posts\/581216\/revisions\/581340"}],"wp:featuredmedia":[{"embeddable":true,"href":"https:\/\/investnews.com.br\/inv-api\/wp\/v2\/media\/581261"}],"wp:attachment":[{"href":"https:\/\/investnews.com.br\/inv-api\/wp\/v2\/media?parent=581216"}],"wp:term":[{"taxonomy":"category","embeddable":true,"href":"https:\/\/investnews.com.br\/inv-api\/wp\/v2\/categories?post=581216"},{"taxonomy":"post_tag","embeddable":true,"href":"https:\/\/investnews.com.br\/inv-api\/wp\/v2\/tags?post=581216"},{"taxonomy":"autor-wsj","embeddable":true,"href":"https:\/\/investnews.com.br\/inv-api\/wp\/v2\/autor-wsj?post=581216"},{"taxonomy":"author","embeddable":true,"href":"https:\/\/investnews.com.br\/inv-api\/wp\/v2\/coauthors?post=581216"}],"curies":[{"name":"wp","href":"https:\/\/api.w.org\/{rel}","templated":true}]}}